{"id":78,"date":"2020-03-23T12:00:21","date_gmt":"2020-03-23T11:00:21","guid":{"rendered":"http:\/\/poulpe-fiction.ch\/?p=78"},"modified":"2020-05-18T11:58:39","modified_gmt":"2020-05-18T09:58:39","slug":"confinement2020","status":"publish","type":"post","link":"https:\/\/poulpe-fiction.ch\/index.php\/2020\/03\/23\/confinement2020\/","title":{"rendered":"En confinement? Ecrivez!"},"content":{"rendered":"<h5>Poulpe Fiction en confinement<\/h5>\n<p>Pendant le confinement, on fait face, on attend, on s\u2019exprime et on s\u2019\u00e9chappe.<br \/>\n<em>Atelier en ligne, avec des exercices \u00e0 t\u00e9l\u00e9charger <a href=\"http:\/\/poulpe-fiction.ch\/wp-content\/uploads\/2020\/03\/PF_EcritureConfinement1.pdf\">ici<\/a>.<\/em><\/p>\n<p>D\u00e9couvrez tous les textes des participants \u00e0 l&rsquo;atelier \u00ab\u00a0en confinement\u00a0\u00bb sur <a href=\"http:\/\/poulpe-fiction.ch\/index.php\/category\/en-confinement\/\">cette page<\/a>.<\/p>\n","protected":false},"excerpt":{"rendered":"<p>Poulpe Fiction en confinement Pendant le confinement, on fait face, on attend, on s\u2019exprime et on s\u2019\u00e9chappe. Atelier en ligne, avec des exercices \u00e0 t\u00e9l\u00e9charger ici. D\u00e9couvrez tous les textes des participants \u00e0 l&rsquo;atelier \u00ab\u00a0en confinement\u00a0\u00bb sur cette page.<\/p>\n","protected":false},"author":1,"featured_media":0,"comment_status":"closed","ping_status":"closed","sticky":false,"template":"","format":"standard","meta":{"_themeisle_gutenberg_block_has_review":false,"jetpack_post_was_ever_published":false,"_jetpack_newsletter_access":"","_jetpack_newsletter_tier_id":0,"footnotes":"","jetpack_publicize_message":"","jetpack_is_tweetstorm":false,"jetpack_publicize_feature_enabled":true,"jetpack_social_post_already_shared":true,"jetpack_social_options":{"image_generator_settings":{"template":"highway","enabled":false}}},"categories":[3],"tags":[],"jetpack_publicize_connections":[],"jetpack_featured_media_url":"","jetpack_sharing_enabled":true,"jetpack_shortlink":"https:\/\/wp.me\/p94276-1g","jetpack-related-posts":[{"id":315,"url":"https:\/\/poulpe-fiction.ch\/index.php\/2020\/06\/28\/le-premier-recueil-poulpe-fiction-est-la\/","url_meta":{"origin":78,"position":0},"title":"Notre premier recueil est l\u00e0!","author":"admin9166","date":"28 juin 2020","format":false,"excerpt":"Bien peu apr\u00e8s regroupe les textes \u00e9crits pour l'atelier \"En confinement\". Un grand bravo aux participant.e.s! En un\u00a0peu plus de soixante textes, les auteurs peignent une image multiple et personnelle de la pand\u00e9mie en nous accueillant dans l'intimit\u00e9 de leur exp\u00e9rience d'une vie confin\u00e9e. Le recueil est disponible au prix\u2026","rel":"","context":"Dans &quot;En confinement&quot;","block_context":{"text":"En confinement","link":"https:\/\/poulpe-fiction.ch\/index.php\/category\/en-confinement\/"},"img":{"alt_text":"","src":"https:\/\/i0.wp.com\/poulpe-fiction.ch\/wp-content\/uploads\/2020\/06\/IMG_7374-scaled.jpg?resize=350%2C200&ssl=1","width":350,"height":200,"srcset":"https:\/\/i0.wp.com\/poulpe-fiction.ch\/wp-content\/uploads\/2020\/06\/IMG_7374-scaled.jpg?resize=350%2C200&ssl=1 1x, https:\/\/i0.wp.com\/poulpe-fiction.ch\/wp-content\/uploads\/2020\/06\/IMG_7374-scaled.jpg?resize=525%2C300&ssl=1 1.5x, https:\/\/i0.wp.com\/poulpe-fiction.ch\/wp-content\/uploads\/2020\/06\/IMG_7374-scaled.jpg?resize=700%2C400&ssl=1 2x, https:\/\/i0.wp.com\/poulpe-fiction.ch\/wp-content\/uploads\/2020\/06\/IMG_7374-scaled.jpg?resize=1050%2C600&ssl=1 3x, https:\/\/i0.wp.com\/poulpe-fiction.ch\/wp-content\/uploads\/2020\/06\/IMG_7374-scaled.jpg?resize=1400%2C800&ssl=1 4x"},"classes":[]},{"id":323,"url":"https:\/\/poulpe-fiction.ch\/index.php\/2020\/12\/05\/poulpe-fiction-se-revolte\/","url_meta":{"origin":78,"position":1},"title":"Poulpe Fiction affiche sa r\u00e9volte!","author":"admin9166","date":"5 d\u00e9cembre 2020","format":false,"excerpt":"Apr\u00e8s son atelier \"confin\u00e9\", Poulpe Fiction a r\u00e9uni un groupe de r\u00e9volt\u00e9s de la plume pour un atelier extraordinaire articul\u00e9 autour de trois temps: Col\u00e8re, R\u00e9volte et Manifestation. Le r\u00e9sultat: des mots, des \u00e9motions et de la po\u00e9sie qui se d\u00e9plient et s'affichent! Merci \u00e0 toutes et tous les participant.e.s\u2026","rel":"","context":"Dans &quot;Non class\u00e9&quot;","block_context":{"text":"Non class\u00e9","link":"https:\/\/poulpe-fiction.ch\/index.php\/category\/non-classe\/"},"img":{"alt_text":"","src":"https:\/\/i0.wp.com\/poulpe-fiction.ch\/wp-content\/uploads\/2021\/08\/AfficheRevoltePF-scaled.jpg?resize=350%2C200&ssl=1","width":350,"height":200,"srcset":"https:\/\/i0.wp.com\/poulpe-fiction.ch\/wp-content\/uploads\/2021\/08\/AfficheRevoltePF-scaled.jpg?resize=350%2C200&ssl=1 1x, https:\/\/i0.wp.com\/poulpe-fiction.ch\/wp-content\/uploads\/2021\/08\/AfficheRevoltePF-scaled.jpg?resize=525%2C300&ssl=1 1.5x, https:\/\/i0.wp.com\/poulpe-fiction.ch\/wp-content\/uploads\/2021\/08\/AfficheRevoltePF-scaled.jpg?resize=700%2C400&ssl=1 2x, https:\/\/i0.wp.com\/poulpe-fiction.ch\/wp-content\/uploads\/2021\/08\/AfficheRevoltePF-scaled.jpg?resize=1050%2C600&ssl=1 3x, https:\/\/i0.wp.com\/poulpe-fiction.ch\/wp-content\/uploads\/2021\/08\/AfficheRevoltePF-scaled.jpg?resize=1400%2C800&ssl=1 4x"},"classes":[]},{"id":306,"url":"https:\/\/poulpe-fiction.ch\/index.php\/2020\/05\/11\/zippo-et-confinement\/","url_meta":{"origin":78,"position":2},"title":"Zippo et confinement","author":"admin9166","date":"11 mai 2020","format":false,"excerpt":"J\u2019avais offert ce briquet \u00e0 Jean, mon beau-p\u00e8re, deuxi\u00e8me p\u00e8re. Il est d\u00e9c\u00e9d\u00e9. J\u2019ai repris le briquet, Je pense \u00e0 lui (grand fumeur). Il l\u2019avait toujours sur lui. Dans son cercueil, je lui ai mis quatre cigarettes dans la poche de sa chemise. Philippe G.","rel":"","context":"Dans &quot;En confinement&quot;","block_context":{"text":"En confinement","link":"https:\/\/poulpe-fiction.ch\/index.php\/category\/en-confinement\/"},"img":{"alt_text":"","src":"","width":0,"height":0},"classes":[]},{"id":274,"url":"https:\/\/poulpe-fiction.ch\/index.php\/2020\/04\/22\/choses-quon-veut-faire-apres-le-confinement\/","url_meta":{"origin":78,"position":3},"title":"Choses qu&rsquo;on veut faire apr\u00e8s le confinement","author":"admin9166","date":"22 avril 2020","format":false,"excerpt":"Un grand repas dans le jardin familial Serrer ses proches dans ses bras Une grillade avec les amis Aller ensemble quelque part (ailleurs) La tourn\u00e9e des terrasses\u00a0 Reprendre la grimpe Un voyage en train Baignade et bronzette sur la pelouse de Cully ou de Paudex Choses qu\u2019on ne veut plus\u2026","rel":"","context":"Dans &quot;Choses qui&quot;","block_context":{"text":"Choses qui","link":"https:\/\/poulpe-fiction.ch\/index.php\/category\/en-confinement\/choses-qui\/"},"img":{"alt_text":"","src":"","width":0,"height":0},"classes":[]},{"id":136,"url":"https:\/\/poulpe-fiction.ch\/index.php\/2020\/03\/30\/choses-qui-sont-les-memes-quand-on-est-confine\/","url_meta":{"origin":78,"position":4},"title":"Choses qui sont les m\u00eames quand on est confin\u00e9","author":"admin9166","date":"30 mars 2020","format":false,"excerpt":"Faire l'amour, avoir soif, avoir faim, se laver, se soulager, rire, pleurer Mes peurs, mes doutes et mes questions incessantes Les gens que j'aime ou peut-\u00eatre ne sont-ils plus les m\u00eames? Le go\u00fbt du caf\u00e9 La pluie \u00a0 Ania G.","rel":"","context":"Dans &quot;Choses qui&quot;","block_context":{"text":"Choses qui","link":"https:\/\/poulpe-fiction.ch\/index.php\/category\/en-confinement\/choses-qui\/"},"img":{"alt_text":"","src":"","width":0,"height":0},"classes":[]},{"id":310,"url":"https:\/\/poulpe-fiction.ch\/index.php\/2020\/05\/12\/choses-quon-veut-faire-apres-le-confinement-2\/","url_meta":{"origin":78,"position":5},"title":"Choses qu&rsquo;on veut faire apr\u00e8s le confinement #2","author":"admin9166","date":"12 mai 2020","format":false,"excerpt":"Voir ses amis en vraiRetourner au restaurantRecommencer un sportSe promener au bord du lacPasser des moments avec tous ceux qu\u2019on aimePrendre son temps Matthieu J.","rel":"","context":"Dans &quot;Choses qui&quot;","block_context":{"text":"Choses qui","link":"https:\/\/poulpe-fiction.ch\/index.php\/category\/en-confinement\/choses-qui\/"},"img":{"alt_text":"","src":"","width":0,"height":0},"classes":[]}],"_links":{"self":[{"href":"https:\/\/poulpe-fiction.ch\/index.php\/wp-json\/wp\/v2\/posts\/78"}],"collection":[{"href":"https:\/\/poulpe-fiction.ch\/index.php\/wp-json\/wp\/v2\/posts"}],"about":[{"href":"https:\/\/poulpe-fiction.ch\/index.php\/wp-json\/wp\/v2\/types\/post"}],"author":[{"embeddable":true,"href":"https:\/\/poulpe-fiction.ch\/index.php\/wp-json\/wp\/v2\/users\/1"}],"replies":[{"embeddable":true,"href":"https:\/\/poulpe-fiction.ch\/index.php\/wp-json\/wp\/v2\/comments?post=78"}],"version-history":[{"count":6,"href":"https:\/\/poulpe-fiction.ch\/index.php\/wp-json\/wp\/v2\/posts\/78\/revisions"}],"predecessor-version":[{"id":101,"href":"https:\/\/poulpe-fiction.ch\/index.php\/wp-json\/wp\/v2\/posts\/78\/revisions\/101"}],"wp:attachment":[{"href":"https:\/\/poulpe-fiction.ch\/index.php\/wp-json\/wp\/v2\/media?parent=78"}],"wp:term":[{"taxonomy":"category","embeddable":true,"href":"https:\/\/poulpe-fiction.ch\/index.php\/wp-json\/wp\/v2\/categories?post=78"},{"taxonomy":"post_tag","embeddable":true,"href":"https:\/\/poulpe-fiction.ch\/index.php\/wp-json\/wp\/v2\/tags?post=78"}],"curies":[{"name":"wp","href":"https:\/\/api.w.org\/{rel}","templated":true}]}}