{"id":84,"date":"2020-04-05T11:39:00","date_gmt":"2020-04-05T09:39:00","guid":{"rendered":"http:\/\/poulpe-fiction.ch\/?p=84"},"modified":"2020-04-05T18:31:44","modified_gmt":"2020-04-05T16:31:44","slug":"haikus-du-quotidien","status":"publish","type":"post","link":"http:\/\/poulpe-fiction.ch\/index.php\/2020\/04\/05\/haikus-du-quotidien\/","title":{"rendered":"Ha\u00efkus du quotidien"},"content":{"rendered":"<div class=\"su-quote su-quote-style-default\"><div class=\"su-quote-inner su-u-clearfix su-u-trim\">Mes inspirations<\/p>\n<p>N\u00e9es de fantasmes en fleurs<\/p>\n<p>D\u00e9sormais fan\u00e9es<\/p>\n<\/div><\/div>\n\n\n\n<p><em>Antoine T.<\/em><\/p>\n\n\n\n<div style=\"height:55px\" aria-hidden=\"true\" class=\"wp-block-spacer\"><\/div>\n\n\n<div class=\"su-row\">\n<div class=\"su-column su-column-size-1-2\"><div class=\"su-column-inner su-u-clearfix su-u-trim\">\nUn bureau rang\u00e9<br \/>\nDes t\u00e9l\u00e9phones silencieux<br \/>\nLe bruit s\u2019estompant<br \/>\n<\/div><\/div>\n<div class=\"su-column su-column-size-1-2\"><div class=\"su-column-inner su-u-clearfix su-u-trim\"><\/div><\/div>\nVerre d\u2019eau rempli<br \/>\nS\u2019\u00e9clipsant dans la nuit noire<br \/>\nDu volet ferm\u00e9<br \/>\n<\/div>\n\n\n<div class=\"su-row\">\n<div class=\"su-column su-column-size-1-2\"><div class=\"su-column-inner su-u-clearfix su-u-trim\">\nUne montre grise<br \/>\nDisparaissant dans l\u2019amas<br \/>\nDu panier \u00e0 linge<br \/>\n<\/div><\/div>\n<div class=\"su-column su-column-size-1-2\"><div class=\"su-column-inner su-u-clearfix su-u-trim\"><\/div><\/div>\nChaise renfonc\u00e9e<br \/>\nS\u2019\u00e9vaporant dans l\u2019immense<br \/>\nPi\u00e8ce de la maison<br \/>\n<\/div>\n\n\n\n<p><em>Matthieu J.<\/em><\/p>\n\n\n\n<div style=\"height:55px\" aria-hidden=\"true\" class=\"wp-block-spacer\"><\/div>\n\n\n<div class=\"su-quote su-quote-style-default\"><div class=\"su-quote-inner su-u-clearfix su-u-trim\">Effluves dissip\u00e9s,<br \/>\nCeux de ton corps sur les draps<br \/>\nLa pluie qui frappe<br \/>\n<\/div><\/div>\n\n\n\n<p><em>Agathe L.<\/em><\/p>\n\n\n\n<div style=\"height:55px\" aria-hidden=\"true\" class=\"wp-block-spacer\"><\/div>\n\n\n<div class=\"su-row\"><div class=\"su-column su-column-size-1-2\"><div class=\"su-column-inner su-u-clearfix su-u-trim\">La disparition<br \/>Dans la chaleur de ta paume<br \/>Des peurs par milliers<br \/><\/div><\/div><div class=\"su-column su-column-size-1-2\"><div class=\"su-column-inner su-u-clearfix su-u-trim\"><\/div><\/div>La trace effac\u00e9e<br \/>De ton doigt sur le miroir<br \/>Et la porte close<br \/><\/div>\n<div class=\"su-row\"><div class=\"su-column su-column-size-1-2\"><div class=\"su-column-inner su-u-clearfix su-u-trim\">Une succulente<br \/>Sourde aux pas lourds des voisins<br \/>Et \u00e0 tout le reste<br \/><\/div><\/div><div class=\"su-column su-column-size-1-2\"><div class=\"su-column-inner su-u-clearfix su-u-trim\"><\/div><\/div>L\u00e0, au fond du bol<br \/>Les grains de riz s'\u00e9vaporent<br \/>Avec nos paroles<br \/><\/div>\n<p><em>Louise B.<\/em><\/p>","protected":false},"excerpt":{"rendered":"<p>Antoine T. Matthieu J. Agathe L. Louise B.<\/p>\n","protected":false},"author":1,"featured_media":0,"comment_status":"closed","ping_status":"closed","sticky":false,"template":"","format":"quote","meta":{"_themeisle_gutenberg_block_has_review":false,"jetpack_post_was_ever_published":false,"_jetpack_newsletter_access":"","_jetpack_newsletter_tier_id":0,"footnotes":"","jetpack_publicize_message":"","jetpack_is_tweetstorm":false,"jetpack_publicize_feature_enabled":true,"jetpack_social_post_already_shared":true,"jetpack_social_options":{"image_generator_settings":{"template":"highway","enabled":false}}},"categories":[3,6],"tags":[7,8],"jetpack_publicize_connections":[],"jetpack_featured_media_url":"","jetpack_sharing_enabled":true,"jetpack_shortlink":"https:\/\/wp.me\/p94276-1m","jetpack-related-posts":[{"id":295,"url":"http:\/\/poulpe-fiction.ch\/index.php\/2020\/04\/30\/introduction-a-la-pandemie-de-2029\/","url_meta":{"origin":84,"position":0},"title":"Introduction \u00e0 la Pand\u00e9mie de 2029","author":"admin9166","date":"30 avril 2020","format":false,"excerpt":"Extrait du \"Manuel d\u2019histoire de la communaut\u00e9 des cantons romands\", Cabedita, 2045 (classes de 5\u00e8me\u00a0ann\u00e9e) Chapitre 9\u00a0: Introduction \u00e0 la Pand\u00e9mie de 2029 et \u00e0 la R\u00e9volution de 2030 La premi\u00e8re pand\u00e9mie\u00a0? Celle de 2020\u00a0? C\u2019\u00e9tait pratiquement le bon vieux temps. Le folklore\u2026 quelques masques pour faire semblant, un peu\u2026","rel":"","context":"Dans &quot;En confinement&quot;","block_context":{"text":"En confinement","link":"http:\/\/poulpe-fiction.ch\/index.php\/category\/en-confinement\/"},"img":{"alt_text":"","src":"","width":0,"height":0},"classes":[]},{"id":233,"url":"http:\/\/poulpe-fiction.ch\/index.php\/2020\/04\/12\/en-marchant\/","url_meta":{"origin":84,"position":1},"title":"En marchant","author":"admin9166","date":"12 avril 2020","format":false,"excerpt":"En marchant,\u00a0 je vois cet arbre l\u00e0 bas Et je le reconnais Je d\u00e9couvre les fleurs de ci de l\u00e0 En marchant,\u00a0 j'entends soudain un oiseau, des oiseaux, leurs chants En courant,\u00a0 Je laisse s'\u00e9vaporer mes pens\u00e9es\u00a0 Je vois les reflets de lumi\u00e8re dans la rivi\u00e8re Et je la reconnais\u2026","rel":"","context":"Dans &quot;En confinement&quot;","block_context":{"text":"En confinement","link":"http:\/\/poulpe-fiction.ch\/index.php\/category\/en-confinement\/"},"img":{"alt_text":"","src":"","width":0,"height":0},"classes":[]},{"id":289,"url":"http:\/\/poulpe-fiction.ch\/index.php\/2020\/04\/24\/devenez-un-soleil\/","url_meta":{"origin":84,"position":2},"title":"\u00ab\u00a0Devenez un soleil&#8230;\u00a0\u00bb","author":"admin9166","date":"24 avril 2020","format":false,"excerpt":"\u00ab\u00a0Devenez un soleil et tout le monde vous apercevra. Le soleil n\u2019a qu\u2019\u00e0 exister, \u00e0 \u00eatre lui-m\u00eame\u00a0\u00bb1. Ces paroles, prononc\u00e9es il y a quelques minutes par Porphyre, l\u2019inspecteur de police, continuaient de r\u00e9sonner dans sa t\u00eate. \u00ab\u00a0Le soleil\u00a0est, mais le soleil br\u00fble aussi\u00a0\u2026\u00bb Rachel ne voyait pas o\u00f9 il voulait\u2026","rel":"","context":"Dans &quot;A partir des mots d'un autre&quot;","block_context":{"text":"A partir des mots d'un autre","link":"http:\/\/poulpe-fiction.ch\/index.php\/category\/en-confinement\/a-partir-des-mots-dun-autre\/"},"img":{"alt_text":"","src":"","width":0,"height":0},"classes":[]},{"id":205,"url":"http:\/\/poulpe-fiction.ch\/index.php\/2020\/04\/05\/le-garage\/","url_meta":{"origin":84,"position":3},"title":"Le garage","author":"admin9166","date":"5 avril 2020","format":false,"excerpt":"D\u2019abord il rappelle l\u2019histoire. Celle d\u2019un r\u00eave vite \u00e9puis\u00e9 de faire ensemble et de partager l\u2019espace. S\u00e9par\u00e9 en deux originellement par ses deux portes et par l\u2019estrade de l\u2019\u00e9tage sup\u00e9rieur, ce sont nos d\u00e9sirs et nos peines qui le divisent aujourd\u2019hui. Chacun respecte la fonction et l\u2019espace qui a \u00e9t\u00e9\u2026","rel":"","context":"Dans &quot;En confinement&quot;","block_context":{"text":"En confinement","link":"http:\/\/poulpe-fiction.ch\/index.php\/category\/en-confinement\/"},"img":{"alt_text":"","src":"","width":0,"height":0},"classes":[]},{"id":112,"url":"http:\/\/poulpe-fiction.ch\/index.php\/2020\/03\/30\/choses-qui-sont-differentes-quand-on-est-confine\/","url_meta":{"origin":84,"position":4},"title":"Choses qui sont diff\u00e9rentes quand on est confin\u00e9","author":"admin9166","date":"30 mars 2020","format":false,"excerpt":"Se r\u00e9inventer, imaginer un autre quotidien, s'inventer et exp\u00e9rimenter ce nouveau quotidien Observer ses voisins, \u00e9couter les chiens seuls occupants des rues, attendre le chant des oiseaux (en particulier la tourterelle sur le cerisier qui roucoule \u00e0 la recherche de sa partenaire?) Dormir plus longtemps, raconter ses r\u00eaves tranquillement sans\u2026","rel":"","context":"Dans &quot;Choses qui&quot;","block_context":{"text":"Choses qui","link":"http:\/\/poulpe-fiction.ch\/index.php\/category\/en-confinement\/choses-qui\/"},"img":{"alt_text":"","src":"","width":0,"height":0},"classes":[]},{"id":123,"url":"http:\/\/poulpe-fiction.ch\/index.php\/2020\/03\/30\/choses-vues-mon-quartier-pas-a-pas\/","url_meta":{"origin":84,"position":5},"title":"Choses vues &#8211; mon quartier pas \u00e0 pas","author":"admin9166","date":"30 mars 2020","format":false,"excerpt":"Descendre le chemin de Chandolin.\u00a0 Je longe des petits ch\u00e2teaux, de belles maisons bourgeoises pour m\u2019\u00e9craser sur un locatif saumon p\u00e2le. Le chemin de Chandolin c\u2019est l\u2019illustration du d\u00e9classement social, cher \u00e0 Eribon.\u00a0 Je me souviens de la maison de mon enfance \u00e0 l\u2019avenue du Grammont 2 : un appartement\u2026","rel":"","context":"Dans &quot;Choses qui&quot;","block_context":{"text":"Choses qui","link":"http:\/\/poulpe-fiction.ch\/index.php\/category\/en-confinement\/choses-qui\/"},"img":{"alt_text":"","src":"","width":0,"height":0},"classes":[]}],"_links":{"self":[{"href":"http:\/\/poulpe-fiction.ch\/index.php\/wp-json\/wp\/v2\/posts\/84"}],"collection":[{"href":"http:\/\/poulpe-fiction.ch\/index.php\/wp-json\/wp\/v2\/posts"}],"about":[{"href":"http:\/\/poulpe-fiction.ch\/index.php\/wp-json\/wp\/v2\/types\/post"}],"author":[{"embeddable":true,"href":"http:\/\/poulpe-fiction.ch\/index.php\/wp-json\/wp\/v2\/users\/1"}],"replies":[{"embeddable":true,"href":"http:\/\/poulpe-fiction.ch\/index.php\/wp-json\/wp\/v2\/comments?post=84"}],"version-history":[{"count":7,"href":"http:\/\/poulpe-fiction.ch\/index.php\/wp-json\/wp\/v2\/posts\/84\/revisions"}],"predecessor-version":[{"id":207,"href":"http:\/\/poulpe-fiction.ch\/index.php\/wp-json\/wp\/v2\/posts\/84\/revisions\/207"}],"wp:attachment":[{"href":"http:\/\/poulpe-fiction.ch\/index.php\/wp-json\/wp\/v2\/media?parent=84"}],"wp:term":[{"taxonomy":"category","embeddable":true,"href":"http:\/\/poulpe-fiction.ch\/index.php\/wp-json\/wp\/v2\/categories?post=84"},{"taxonomy":"post_tag","embeddable":true,"href":"http:\/\/poulpe-fiction.ch\/index.php\/wp-json\/wp\/v2\/tags?post=84"}],"curies":[{"name":"wp","href":"https:\/\/api.w.org\/{rel}","templated":true}]}}