{"id":315,"date":"2020-06-28T11:37:14","date_gmt":"2020-06-28T09:37:14","guid":{"rendered":"http:\/\/poulpe-fiction.ch\/?p=315"},"modified":"2020-12-05T18:06:28","modified_gmt":"2020-12-05T17:06:28","slug":"le-premier-recueil-poulpe-fiction-est-la","status":"publish","type":"post","link":"http:\/\/poulpe-fiction.ch\/index.php\/2020\/06\/28\/le-premier-recueil-poulpe-fiction-est-la\/","title":{"rendered":"Notre premier recueil est l\u00e0!"},"content":{"rendered":"\n<div class=\"wp-block-image\"><figure class=\"aligncenter size-large is-resized\"><img data-attachment-id=\"316\" data-permalink=\"http:\/\/poulpe-fiction.ch\/index.php\/2020\/06\/28\/le-premier-recueil-poulpe-fiction-est-la\/img_7374\/\" data-orig-file=\"https:\/\/i0.wp.com\/poulpe-fiction.ch\/wp-content\/uploads\/2020\/06\/IMG_7374-scaled.jpg?fit=2560%2C2409\" data-orig-size=\"2560,2409\" data-comments-opened=\"0\" data-image-meta=\"{&quot;aperture&quot;:&quot;1.8&quot;,&quot;credit&quot;:&quot;&quot;,&quot;camera&quot;:&quot;iPhone 8&quot;,&quot;caption&quot;:&quot;&quot;,&quot;created_timestamp&quot;:&quot;1593085367&quot;,&quot;copyright&quot;:&quot;&quot;,&quot;focal_length&quot;:&quot;3.99&quot;,&quot;iso&quot;:&quot;80&quot;,&quot;shutter_speed&quot;:&quot;0.066666666666667&quot;,&quot;title&quot;:&quot;&quot;,&quot;orientation&quot;:&quot;0&quot;}\" data-image-title=\"IMG_7374\" data-image-description=\"\" data-image-caption=\"\" data-medium-file=\"https:\/\/i0.wp.com\/poulpe-fiction.ch\/wp-content\/uploads\/2020\/06\/IMG_7374-scaled.jpg?fit=300%2C282\" data-large-file=\"https:\/\/i0.wp.com\/poulpe-fiction.ch\/wp-content\/uploads\/2020\/06\/IMG_7374-scaled.jpg?fit=1024%2C964\" decoding=\"async\" loading=\"lazy\" src=\"https:\/\/i0.wp.com\/poulpe-fiction.ch\/wp-content\/uploads\/2020\/06\/IMG_7374-scaled.jpg?fit=1024%2C964\" alt=\"\" class=\"wp-image-316\" width=\"364\" height=\"343\" srcset=\"https:\/\/i0.wp.com\/poulpe-fiction.ch\/wp-content\/uploads\/2020\/06\/IMG_7374-scaled.jpg?w=2560 2560w, https:\/\/i0.wp.com\/poulpe-fiction.ch\/wp-content\/uploads\/2020\/06\/IMG_7374-scaled.jpg?resize=300%2C282 300w, https:\/\/i0.wp.com\/poulpe-fiction.ch\/wp-content\/uploads\/2020\/06\/IMG_7374-scaled.jpg?resize=1024%2C964 1024w, https:\/\/i0.wp.com\/poulpe-fiction.ch\/wp-content\/uploads\/2020\/06\/IMG_7374-scaled.jpg?resize=768%2C723 768w, https:\/\/i0.wp.com\/poulpe-fiction.ch\/wp-content\/uploads\/2020\/06\/IMG_7374-scaled.jpg?resize=1536%2C1446 1536w, https:\/\/i0.wp.com\/poulpe-fiction.ch\/wp-content\/uploads\/2020\/06\/IMG_7374-scaled.jpg?resize=2048%2C1927 2048w, https:\/\/i0.wp.com\/poulpe-fiction.ch\/wp-content\/uploads\/2020\/06\/IMG_7374-scaled.jpg?resize=750%2C706 750w\" sizes=\"(max-width: 364px) 100vw, 364px\" \/><\/figure><\/div>\n\n\n\n<p><em>Bien peu apr\u00e8s <\/em>regroupe les textes \u00e9crits pour l&rsquo;atelier \u00ab\u00a0En confinement\u00a0\u00bb. Un grand bravo aux participant.e.s!<\/p>\n\n\n\n<p>En un&nbsp;peu plus de soixante textes, les auteurs peignent une image multiple et personnelle de la pand\u00e9mie en nous accueillant dans l&rsquo;intimit\u00e9 de leur exp\u00e9rience d&rsquo;une vie confin\u00e9e.<\/p>\n\n\n\n<p>Le recueil est disponible au prix de 10.- \/pi\u00e8ce. A commander \u00e0 l&rsquo;adresse: info@poulpe-fiction.ch<\/p>\n","protected":false},"excerpt":{"rendered":"<p>Bien peu apr\u00e8s regroupe les textes \u00e9crits pour l&rsquo;atelier \u00ab\u00a0En confinement\u00a0\u00bb. Un grand bravo aux participant.e.s! En un&nbsp;peu plus de soixante textes, les auteurs peignent une image multiple et personnelle de la pand\u00e9mie en nous accueillant dans l&rsquo;intimit\u00e9 de leur exp\u00e9rience d&rsquo;une vie confin\u00e9e. Le recueil est disponible au prix de 10.- \/pi\u00e8ce. A commander [&hellip;]<\/p>\n","protected":false},"author":1,"featured_media":0,"comment_status":"closed","ping_status":"closed","sticky":false,"template":"","format":"standard","meta":{"_themeisle_gutenberg_block_has_review":false,"jetpack_post_was_ever_published":false,"_jetpack_newsletter_access":"","_jetpack_newsletter_tier_id":0,"footnotes":"","jetpack_publicize_message":"","jetpack_is_tweetstorm":false,"jetpack_publicize_feature_enabled":true,"jetpack_social_post_already_shared":true,"jetpack_social_options":{"image_generator_settings":{"template":"highway","enabled":false}}},"categories":[3],"tags":[],"jetpack_publicize_connections":[],"jetpack_featured_media_url":"","jetpack_sharing_enabled":true,"jetpack_shortlink":"https:\/\/wp.me\/p94276-55","jetpack-related-posts":[{"id":120,"url":"http:\/\/poulpe-fiction.ch\/index.php\/2020\/03\/29\/les-objets-qui-mentourent\/","url_meta":{"origin":315,"position":0},"title":"Les objets qui m&rsquo;entourent","author":"admin9166","date":"29 mars 2020","format":false,"excerpt":"Un bureau qui commence \u00e0 s\u2019assombrir, une porte close qui donne sur un salon d\u2019o\u00f9 provient le son d\u2019une s\u00e9rie t\u00e9l\u00e9vis\u00e9e et des cliquetis de p\u00e9dale d\u2019un v\u00e9lo d\u2019appartement. Des ordinateurs t\u00e9moins que le travail ne se fait plus \u00e0 l\u2019ext\u00e9rieur des murs de la maison mais que ce bureau\u2026","rel":"","context":"Dans &quot;En confinement&quot;","block_context":{"text":"En confinement","link":"http:\/\/poulpe-fiction.ch\/index.php\/category\/en-confinement\/"},"img":{"alt_text":"","src":"","width":0,"height":0},"classes":[]},{"id":78,"url":"http:\/\/poulpe-fiction.ch\/index.php\/2020\/03\/23\/confinement2020\/","url_meta":{"origin":315,"position":1},"title":"En confinement? Ecrivez!","author":"admin9166","date":"23 mars 2020","format":false,"excerpt":"Poulpe Fiction en confinement Pendant le confinement, on fait face, on attend, on s\u2019exprime et on s\u2019\u00e9chappe. Atelier en ligne, avec des exercices \u00e0 t\u00e9l\u00e9charger ici. D\u00e9couvrez tous les textes des participants \u00e0 l'atelier \"en confinement\" sur cette page.","rel":"","context":"Dans &quot;En confinement&quot;","block_context":{"text":"En confinement","link":"http:\/\/poulpe-fiction.ch\/index.php\/category\/en-confinement\/"},"img":{"alt_text":"","src":"","width":0,"height":0},"classes":[]},{"id":202,"url":"http:\/\/poulpe-fiction.ch\/index.php\/2020\/04\/05\/en-attendant-devant-la-migros\/","url_meta":{"origin":315,"position":2},"title":"En attendant devant la Migros","author":"admin9166","date":"5 avril 2020","format":false,"excerpt":"X.\u00a0Tu es s\u00fbr que c\u2019est ici\u00a0? Y.\u00a0Quoi\u00a0? X. Qu\u2019il faut attendre. On m\u2019a dit d\u2019attendre devant l\u2019arbre,\u00a0y en a-t-il un autre? Y.\u00a0\u00a0Un autre arbre\u00a0? Non, il n\u2019y en a pas d\u2019autre. X. Merci.\u00a0 (un temps ) X. Quel est ton nom\u00a0? Y. Elle m\u2019a appel\u00e9 Vladimir, en souvenir d\u2019un oncle\u2026","rel":"","context":"Dans &quot;En attendant&quot;","block_context":{"text":"En attendant","link":"http:\/\/poulpe-fiction.ch\/index.php\/category\/en-confinement\/en-attendant\/"},"img":{"alt_text":"","src":"","width":0,"height":0},"classes":[]},{"id":261,"url":"http:\/\/poulpe-fiction.ch\/index.php\/2020\/04\/16\/pandemie-blues\/","url_meta":{"origin":315,"position":3},"title":"Pand\u00e9mie Blues","author":"admin9166","date":"16 avril 2020","format":false,"excerpt":"\u00ab\u00a0Longtemps, je me suis couch\u00e9 de bonne heure\u00a0\u00bb, nous a r\u00e9v\u00e9l\u00e9 Marcel Proust. Or il me semble que tous les enfants se couchent de bonne heure. Ou se couchaient de bonne heure. Avec le virus, les r\u00e8gles ont chang\u00e9, les normes se sont assouplies. Nous avons commenc\u00e9 par autoriser un\u2026","rel":"","context":"Dans &quot;En confinement&quot;","block_context":{"text":"En confinement","link":"http:\/\/poulpe-fiction.ch\/index.php\/category\/en-confinement\/"},"img":{"alt_text":"","src":"","width":0,"height":0},"classes":[]},{"id":215,"url":"http:\/\/poulpe-fiction.ch\/index.php\/2020\/04\/07\/mon-printemps-confine\/","url_meta":{"origin":315,"position":4},"title":"Mon printemps confin\u00e9","author":"admin9166","date":"7 avril 2020","format":false,"excerpt":"Assis sur une chaise longue dans mon jardin, je vis le confinement en ce d\u00e9but de printemps. Le temps que j\u2019ai \u00e0 disposition ne me semble pas du tout long, j\u2019ai plein de choses \u00e0 faire comme compter les brins d\u2019herbe de ma pelouse\u00a0: Un brin, deux brins, trois brins\u2026\u2026","rel":"","context":"Dans &quot;En confinement&quot;","block_context":{"text":"En confinement","link":"http:\/\/poulpe-fiction.ch\/index.php\/category\/en-confinement\/"},"img":{"alt_text":"","src":"","width":0,"height":0},"classes":[]},{"id":264,"url":"http:\/\/poulpe-fiction.ch\/index.php\/2020\/04\/17\/le-cirque-ambulant\/","url_meta":{"origin":315,"position":5},"title":"Le cirque ambulant","author":"admin9166","date":"17 avril 2020","format":false,"excerpt":"Cela se passe ce vendredi saint, dans une for\u00eat proche de Pampigny, o\u00f9 est n\u00e9e mon amie M. Nous avions march\u00e9 bien dix milles pas avant de trouver la petite cabane. - Tu vois c\u2019est l\u00e0 que nous venions pour les f\u00eates de famille. Nos appartements \u00e9taient trop petits pour\u2026","rel":"","context":"Dans &quot;En confinement&quot;","block_context":{"text":"En confinement","link":"http:\/\/poulpe-fiction.ch\/index.php\/category\/en-confinement\/"},"img":{"alt_text":"","src":"","width":0,"height":0},"classes":[]}],"_links":{"self":[{"href":"http:\/\/poulpe-fiction.ch\/index.php\/wp-json\/wp\/v2\/posts\/315"}],"collection":[{"href":"http:\/\/poulpe-fiction.ch\/index.php\/wp-json\/wp\/v2\/posts"}],"about":[{"href":"http:\/\/poulpe-fiction.ch\/index.php\/wp-json\/wp\/v2\/types\/post"}],"author":[{"embeddable":true,"href":"http:\/\/poulpe-fiction.ch\/index.php\/wp-json\/wp\/v2\/users\/1"}],"replies":[{"embeddable":true,"href":"http:\/\/poulpe-fiction.ch\/index.php\/wp-json\/wp\/v2\/comments?post=315"}],"version-history":[{"count":4,"href":"http:\/\/poulpe-fiction.ch\/index.php\/wp-json\/wp\/v2\/posts\/315\/revisions"}],"predecessor-version":[{"id":320,"href":"http:\/\/poulpe-fiction.ch\/index.php\/wp-json\/wp\/v2\/posts\/315\/revisions\/320"}],"wp:attachment":[{"href":"http:\/\/poulpe-fiction.ch\/index.php\/wp-json\/wp\/v2\/media?parent=315"}],"wp:term":[{"taxonomy":"category","embeddable":true,"href":"http:\/\/poulpe-fiction.ch\/index.php\/wp-json\/wp\/v2\/categories?post=315"},{"taxonomy":"post_tag","embeddable":true,"href":"http:\/\/poulpe-fiction.ch\/index.php\/wp-json\/wp\/v2\/tags?post=315"}],"curies":[{"name":"wp","href":"https:\/\/api.w.org\/{rel}","templated":true}]}}