{"id":308,"date":"2020-05-10T13:54:00","date_gmt":"2020-05-10T11:54:00","guid":{"rendered":"http:\/\/poulpe-fiction.ch\/?p=308"},"modified":"2020-12-05T18:06:30","modified_gmt":"2020-12-05T17:06:30","slug":"journal-2","status":"publish","type":"post","link":"http:\/\/poulpe-fiction.ch\/index.php\/2020\/05\/10\/journal-2\/","title":{"rendered":"Journal #2"},"content":{"rendered":"\n<p>Lundi 4 Avril 2020&nbsp;<\/p>\n\n\n\n<p>Je retourne au travail pour effectuer une journ\u00e9e compl\u00e8te au bureau, comme dans mes souvenirs d\u2019avant-confinement, ou presque, je suis en ch\u00f4mage partiel et vais donc travailler seulement 6h46 \u00e0 la place de 8h27.<\/p>\n\n\n\n<p>Mardi 5 Avril 2020<\/p>\n\n\n\n<p>Je me bats et trouve des arguments cens\u00e9s pour tenter de faire engager un de mes stagiaire en situation d\u2019\u00e9chec dans son \u00e9cole professionnelle afin qu\u2019il puisse effectuer une 4<sup>\u00e8me<\/sup>&nbsp;ann\u00e9e d\u2019apprentissage chez nous.<\/p>\n\n\n\n<p>Mercredi 6 Avril 2020<\/p>\n\n\n\n<p>Je contemple mon jardin que nous avons si bien pr\u00e9par\u00e9 ensemble, vivement que nous puissions d\u00e9guster ce que nous avons plant\u00e9.<\/p>\n\n\n\n<p>Jeudi 7 Avril 2020<\/p>\n\n\n\n<p>Conf\u00e9rence en ligne avec pr\u00e9sentation d\u2019un nouveau membre rejoignant le board de mon entreprise, dipl\u00f4m\u00e9 en m\u00e9decine. Pr\u00e9sentation et questions tr\u00e8s int\u00e9ressantes par rapport au coronavirus.<\/p>\n\n\n\n<p>Vendredi 8 avril 2020<\/p>\n\n\n\n<p>Nous accueillons des amis pour partager un repas \u00e0 la maison. Petit \u00e9v\u00e9nement qui fait tellement de bien apr\u00e8s n\u2019avoir vu presque personne depuis tellement de temps&nbsp;!<\/p>\n\n\n\n<p>Samedi 9 avril 2020<\/p>\n\n\n\n<p>Brunch ultra r\u00e9ussi avec des \u0153ufs B\u00e9n\u00e9dicte que j\u2019ai enfin r\u00e9ussis \u00e0 la perfection&nbsp;! Puis soir\u00e9e sushis, miam&nbsp;!!!<\/p>\n\n\n\n<p>Dimanche 20 Avril 2020<\/p>\n\n\n\n<p>Profiter du soleil et de la chaleur sur sa chaise-longue, quoi de mieux qu\u2019avoir une terrasse&nbsp;?<\/p>\n\n\n\n<div style=\"height:66px\" aria-hidden=\"true\" class=\"wp-block-spacer\"><\/div>\n\n\n\n<p><em>Matthieu J.<\/em><\/p>\n","protected":false},"excerpt":{"rendered":"<p>Lundi 4 Avril 2020&nbsp; Je retourne au travail pour effectuer une journ\u00e9e compl\u00e8te au bureau, comme dans mes souvenirs d\u2019avant-confinement, ou presque, je suis en ch\u00f4mage partiel et vais donc travailler seulement 6h46 \u00e0 la place de 8h27. Mardi 5 Avril 2020 Je me bats et trouve des arguments cens\u00e9s pour tenter de faire engager [&hellip;]<\/p>\n","protected":false},"author":1,"featured_media":0,"comment_status":"closed","ping_status":"closed","sticky":false,"template":"","format":"standard","meta":{"_themeisle_gutenberg_block_has_review":false,"jetpack_post_was_ever_published":false,"_jetpack_newsletter_access":"","_jetpack_newsletter_tier_id":0,"footnotes":"","jetpack_publicize_message":"","jetpack_is_tweetstorm":false,"jetpack_publicize_feature_enabled":true,"jetpack_social_post_already_shared":true,"jetpack_social_options":{"image_generator_settings":{"template":"highway","enabled":false}}},"categories":[3,29],"tags":[7,30],"jetpack_publicize_connections":[],"jetpack_featured_media_url":"","jetpack_sharing_enabled":true,"jetpack_shortlink":"https:\/\/wp.me\/p94276-4Y","jetpack-related-posts":[{"id":277,"url":"http:\/\/poulpe-fiction.ch\/index.php\/2020\/04\/24\/journal-1\/","url_meta":{"origin":308,"position":0},"title":"Journal #1","author":"admin9166","date":"24 avril 2020","format":false,"excerpt":"Lundi 13 avril Faire l'amour dans la lumi\u00e8re de l'apr\u00e8s-midi, avant de se lancer dans trois jours d'\u00e9criture: c'est le bonheur. Mardi 14 avril Sans t\u00e9l\u00e9phone pour me distraire, je couvre mon carnet d'une \u00e9criture de plus en plus illisible. Je compte les pages pour me donner de la motivation.\u2026","rel":"","context":"Dans &quot;En confinement&quot;","block_context":{"text":"En confinement","link":"http:\/\/poulpe-fiction.ch\/index.php\/category\/en-confinement\/"},"img":{"alt_text":"","src":"","width":0,"height":0},"classes":[]},{"id":266,"url":"http:\/\/poulpe-fiction.ch\/index.php\/2020\/04\/18\/dialogue-de-sourd\/","url_meta":{"origin":308,"position":1},"title":"Dialogue de sourd","author":"admin9166","date":"18 avril 2020","format":false,"excerpt":"Le 13 mars, notre ami D (79 ans) s\u2019est r\u00e9veill\u00e9 compl\u00e8tement sourd.\u00a0 Hier il est venu manger\u00a0avec sa femme. Nous communiquons avec lui en \u00e9crivant nos propos sur un petit carnet . Voici: J\u2019ai crois\u00e9 Olivier, cet apr\u00e8s-midi, il m\u2019a demand\u00e9 de tes nouvelles. Essaie d\u2019aller ailleurs: bord du lac,\u2026","rel":"","context":"Dans &quot;En confinement&quot;","block_context":{"text":"En confinement","link":"http:\/\/poulpe-fiction.ch\/index.php\/category\/en-confinement\/"},"img":{"alt_text":"","src":"","width":0,"height":0},"classes":[]},{"id":78,"url":"http:\/\/poulpe-fiction.ch\/index.php\/2020\/03\/23\/confinement2020\/","url_meta":{"origin":308,"position":2},"title":"En confinement? Ecrivez!","author":"admin9166","date":"23 mars 2020","format":false,"excerpt":"Poulpe Fiction en confinement Pendant le confinement, on fait face, on attend, on s\u2019exprime et on s\u2019\u00e9chappe. Atelier en ligne, avec des exercices \u00e0 t\u00e9l\u00e9charger ici. D\u00e9couvrez tous les textes des participants \u00e0 l'atelier \"en confinement\" sur cette page.","rel":"","context":"Dans &quot;En confinement&quot;","block_context":{"text":"En confinement","link":"http:\/\/poulpe-fiction.ch\/index.php\/category\/en-confinement\/"},"img":{"alt_text":"","src":"","width":0,"height":0},"classes":[]},{"id":306,"url":"http:\/\/poulpe-fiction.ch\/index.php\/2020\/05\/11\/zippo-et-confinement\/","url_meta":{"origin":308,"position":3},"title":"Zippo et confinement","author":"admin9166","date":"11 mai 2020","format":false,"excerpt":"J\u2019avais offert ce briquet \u00e0 Jean, mon beau-p\u00e8re, deuxi\u00e8me p\u00e8re. Il est d\u00e9c\u00e9d\u00e9. J\u2019ai repris le briquet, Je pense \u00e0 lui (grand fumeur). Il l\u2019avait toujours sur lui. Dans son cercueil, je lui ai mis quatre cigarettes dans la poche de sa chemise. Philippe G.","rel":"","context":"Dans &quot;En confinement&quot;","block_context":{"text":"En confinement","link":"http:\/\/poulpe-fiction.ch\/index.php\/category\/en-confinement\/"},"img":{"alt_text":"","src":"","width":0,"height":0},"classes":[]},{"id":136,"url":"http:\/\/poulpe-fiction.ch\/index.php\/2020\/03\/30\/choses-qui-sont-les-memes-quand-on-est-confine\/","url_meta":{"origin":308,"position":4},"title":"Choses qui sont les m\u00eames quand on est confin\u00e9","author":"admin9166","date":"30 mars 2020","format":false,"excerpt":"Faire l'amour, avoir soif, avoir faim, se laver, se soulager, rire, pleurer Mes peurs, mes doutes et mes questions incessantes Les gens que j'aime ou peut-\u00eatre ne sont-ils plus les m\u00eames? Le go\u00fbt du caf\u00e9 La pluie \u00a0 Ania G.","rel":"","context":"Dans &quot;Choses qui&quot;","block_context":{"text":"Choses qui","link":"http:\/\/poulpe-fiction.ch\/index.php\/category\/en-confinement\/choses-qui\/"},"img":{"alt_text":"","src":"","width":0,"height":0},"classes":[]},{"id":310,"url":"http:\/\/poulpe-fiction.ch\/index.php\/2020\/05\/12\/choses-quon-veut-faire-apres-le-confinement-2\/","url_meta":{"origin":308,"position":5},"title":"Choses qu&rsquo;on veut faire apr\u00e8s le confinement #2","author":"admin9166","date":"12 mai 2020","format":false,"excerpt":"Voir ses amis en vraiRetourner au restaurantRecommencer un sportSe promener au bord du lacPasser des moments avec tous ceux qu\u2019on aimePrendre son temps Matthieu J.","rel":"","context":"Dans &quot;Choses qui&quot;","block_context":{"text":"Choses qui","link":"http:\/\/poulpe-fiction.ch\/index.php\/category\/en-confinement\/choses-qui\/"},"img":{"alt_text":"","src":"","width":0,"height":0},"classes":[]}],"_links":{"self":[{"href":"http:\/\/poulpe-fiction.ch\/index.php\/wp-json\/wp\/v2\/posts\/308"}],"collection":[{"href":"http:\/\/poulpe-fiction.ch\/index.php\/wp-json\/wp\/v2\/posts"}],"about":[{"href":"http:\/\/poulpe-fiction.ch\/index.php\/wp-json\/wp\/v2\/types\/post"}],"author":[{"embeddable":true,"href":"http:\/\/poulpe-fiction.ch\/index.php\/wp-json\/wp\/v2\/users\/1"}],"replies":[{"embeddable":true,"href":"http:\/\/poulpe-fiction.ch\/index.php\/wp-json\/wp\/v2\/comments?post=308"}],"version-history":[{"count":1,"href":"http:\/\/poulpe-fiction.ch\/index.php\/wp-json\/wp\/v2\/posts\/308\/revisions"}],"predecessor-version":[{"id":309,"href":"http:\/\/poulpe-fiction.ch\/index.php\/wp-json\/wp\/v2\/posts\/308\/revisions\/309"}],"wp:attachment":[{"href":"http:\/\/poulpe-fiction.ch\/index.php\/wp-json\/wp\/v2\/media?parent=308"}],"wp:term":[{"taxonomy":"category","embeddable":true,"href":"http:\/\/poulpe-fiction.ch\/index.php\/wp-json\/wp\/v2\/categories?post=308"},{"taxonomy":"post_tag","embeddable":true,"href":"http:\/\/poulpe-fiction.ch\/index.php\/wp-json\/wp\/v2\/tags?post=308"}],"curies":[{"name":"wp","href":"https:\/\/api.w.org\/{rel}","templated":true}]}}