{"id":302,"date":"2020-05-08T09:40:07","date_gmt":"2020-05-08T07:40:07","guid":{"rendered":"http:\/\/poulpe-fiction.ch\/?p=302"},"modified":"2020-12-05T18:06:31","modified_gmt":"2020-12-05T17:06:31","slug":"me-voici-donc-seule","status":"publish","type":"post","link":"http:\/\/poulpe-fiction.ch\/index.php\/2020\/05\/08\/me-voici-donc-seule\/","title":{"rendered":"Me voici donc seule sur la terre"},"content":{"rendered":"\n<p>Me voici donc seule sur la terre<\/p>\n\n\n\n<p>Seule \u00e0 \u00e9couter le silence des rues<\/p>\n\n\n\n<p>Seule \u00e0 r\u00eaver\u00a0<\/p>\n\n\n\n<p>Seule \u00e0 \u00eatre moi<\/p>\n\n\n\n<p>Me voici donc seule sur la terre<\/p>\n\n\n\n<p>Au milieu de tous ces autres<\/p>\n\n\n\n<p>Perdue dans ce monde grouillant d&rsquo;\u00eatres vivant que l&rsquo;on ne respecte plus\u00a0<\/p>\n\n\n\n<p>Depuis longtemps\u00a0<\/p>\n\n\n\n<p>Seule \u00e0 crier<\/p>\n\n\n\n<p>Mais pas seule \u00e0 aimer<\/p>\n\n\n\n<p>La vie !\u00a0<\/p>\n\n\n\n<div style=\"height:53px\" aria-hidden=\"true\" class=\"wp-block-spacer\"><\/div>\n\n\n\n<p><em>No\u00ebllie G.<\/em><\/p>\n","protected":false},"excerpt":{"rendered":"<p>Me voici donc seule sur la terre Seule \u00e0 \u00e9couter le silence des rues Seule \u00e0 r\u00eaver\u00a0 Seule \u00e0 \u00eatre moi Me voici donc seule sur la terre Au milieu de tous ces autres Perdue dans ce monde grouillant d&rsquo;\u00eatres vivant que l&rsquo;on ne respecte plus\u00a0 Depuis longtemps\u00a0 Seule \u00e0 crier Mais pas seule \u00e0 [&hellip;]<\/p>\n","protected":false},"author":1,"featured_media":0,"comment_status":"closed","ping_status":"closed","sticky":false,"template":"","format":"standard","meta":{"_themeisle_gutenberg_block_has_review":false,"jetpack_post_was_ever_published":false,"_jetpack_newsletter_access":"","_jetpack_newsletter_tier_id":0,"footnotes":"","jetpack_publicize_message":"","jetpack_is_tweetstorm":false,"jetpack_publicize_feature_enabled":true,"jetpack_social_post_already_shared":true,"jetpack_social_options":{"image_generator_settings":{"template":"highway","enabled":false}}},"categories":[3,37],"tags":[7,38],"jetpack_publicize_connections":[],"jetpack_featured_media_url":"","jetpack_sharing_enabled":true,"jetpack_shortlink":"https:\/\/wp.me\/p94276-4S","jetpack-related-posts":[{"id":297,"url":"http:\/\/poulpe-fiction.ch\/index.php\/2020\/05\/01\/me-voici-donc-seul-sur-la-terre\/","url_meta":{"origin":302,"position":0},"title":"Me voici donc seul sur la terre","author":"admin9166","date":"1 mai 2020","format":false,"excerpt":"Me voici donc seul sur la terre.\u00a0 Le pas s\u00fbr, mon corps avance instinctivement vers ces paysages gracieux. Mes yeux tentent de saisir les perp\u00e9tuelles nuances de cette nature mais il faudrait s\u2019immobiliser toute une vie pour r\u00e9ussir pareille entreprise. Bient\u00f4t le chemin s\u2019effacera et je jouerai de cette musique\u2026","rel":"","context":"Dans &quot;En confinement&quot;","block_context":{"text":"En confinement","link":"http:\/\/poulpe-fiction.ch\/index.php\/category\/en-confinement\/"},"img":{"alt_text":"","src":"","width":0,"height":0},"classes":[]},{"id":308,"url":"http:\/\/poulpe-fiction.ch\/index.php\/2020\/05\/10\/journal-2\/","url_meta":{"origin":302,"position":1},"title":"Journal #2","author":"admin9166","date":"10 mai 2020","format":false,"excerpt":"Lundi 4 Avril 2020\u00a0 Je retourne au travail pour effectuer une journ\u00e9e compl\u00e8te au bureau, comme dans mes souvenirs d\u2019avant-confinement, ou presque, je suis en ch\u00f4mage partiel et vais donc travailler seulement 6h46 \u00e0 la place de 8h27. Mardi 5 Avril 2020 Je me bats et trouve des arguments cens\u00e9s\u2026","rel":"","context":"Dans &quot;En confinement&quot;","block_context":{"text":"En confinement","link":"http:\/\/poulpe-fiction.ch\/index.php\/category\/en-confinement\/"},"img":{"alt_text":"","src":"","width":0,"height":0},"classes":[]},{"id":218,"url":"http:\/\/poulpe-fiction.ch\/index.php\/2020\/04\/08\/tout-dire-2\/","url_meta":{"origin":302,"position":2},"title":"Tout dire! #2","author":"admin9166","date":"8 avril 2020","format":false,"excerpt":"Tout dire ! Tout parler ! Oser ! Tout \u00e9crire ! Tout \u00e9chouer ! Oser tout rater !\u00a0\u00a0 Le confinement ? \u00c7a ne doit pas \u00eatre la fin du r\u00eave. Je refuse de porter l\u2019uniforme c\u00e9r\u00e9bral qu\u2019on fait mettre de force \u00e0 4 milliards d\u2019humains. Une camisole sanitaire qui m\u2019arrache\u2026","rel":"","context":"Dans &quot;En confinement&quot;","block_context":{"text":"En confinement","link":"http:\/\/poulpe-fiction.ch\/index.php\/category\/en-confinement\/"},"img":{"alt_text":"","src":"","width":0,"height":0},"classes":[]},{"id":261,"url":"http:\/\/poulpe-fiction.ch\/index.php\/2020\/04\/16\/pandemie-blues\/","url_meta":{"origin":302,"position":3},"title":"Pand\u00e9mie Blues","author":"admin9166","date":"16 avril 2020","format":false,"excerpt":"\u00ab\u00a0Longtemps, je me suis couch\u00e9 de bonne heure\u00a0\u00bb, nous a r\u00e9v\u00e9l\u00e9 Marcel Proust. Or il me semble que tous les enfants se couchent de bonne heure. Ou se couchaient de bonne heure. Avec le virus, les r\u00e8gles ont chang\u00e9, les normes se sont assouplies. Nous avons commenc\u00e9 par autoriser un\u2026","rel":"","context":"Dans &quot;En confinement&quot;","block_context":{"text":"En confinement","link":"http:\/\/poulpe-fiction.ch\/index.php\/category\/en-confinement\/"},"img":{"alt_text":"","src":"","width":0,"height":0},"classes":[]},{"id":250,"url":"http:\/\/poulpe-fiction.ch\/index.php\/2020\/04\/17\/je-naime-pas\/","url_meta":{"origin":302,"position":4},"title":"Je n&rsquo;aime pas","author":"admin9166","date":"17 avril 2020","format":false,"excerpt":"Je n\u2019aime pas\u00a0: les gens qui se plaignent tout le temps et ne voyant pas que c\u2019est peut-\u00eatre eux le probl\u00e8me et pas la soci\u00e9t\u00e9 qui les entoure, les gens qui ne prennent pas soin d\u2019eux, les agressifs, les malhonn\u00eates, les gens mauvais qui aiment \u00eatres mauvais, les mauvaises habitudes,\u2026","rel":"","context":"Dans &quot;En confinement&quot;","block_context":{"text":"En confinement","link":"http:\/\/poulpe-fiction.ch\/index.php\/category\/en-confinement\/"},"img":{"alt_text":"","src":"","width":0,"height":0},"classes":[]},{"id":222,"url":"http:\/\/poulpe-fiction.ch\/index.php\/2020\/04\/10\/les-heures-4\/","url_meta":{"origin":302,"position":5},"title":"Les heures #4","author":"admin9166","date":"10 avril 2020","format":false,"excerpt":"L\u2019heure de notre combat collectif: la vie L\u2019heure d\u2019\u00eatre ensemble ca fait du bien m\u00eame quand il pleut L\u2019heure de l\u2019ouverture de ses yeux coll\u00e9s chaque matin\u00a0 L\u2019heure de nos corps en joie frissonnants L\u2019heure de cette odeur, la m\u00e9sange avec laquelle je bois mon caf\u00e9\u00a0 L\u2019heure de se r\u00e9inventer\u00a0\u2026","rel":"","context":"Dans &quot;En confinement&quot;","block_context":{"text":"En confinement","link":"http:\/\/poulpe-fiction.ch\/index.php\/category\/en-confinement\/"},"img":{"alt_text":"","src":"","width":0,"height":0},"classes":[]}],"_links":{"self":[{"href":"http:\/\/poulpe-fiction.ch\/index.php\/wp-json\/wp\/v2\/posts\/302"}],"collection":[{"href":"http:\/\/poulpe-fiction.ch\/index.php\/wp-json\/wp\/v2\/posts"}],"about":[{"href":"http:\/\/poulpe-fiction.ch\/index.php\/wp-json\/wp\/v2\/types\/post"}],"author":[{"embeddable":true,"href":"http:\/\/poulpe-fiction.ch\/index.php\/wp-json\/wp\/v2\/users\/1"}],"replies":[{"embeddable":true,"href":"http:\/\/poulpe-fiction.ch\/index.php\/wp-json\/wp\/v2\/comments?post=302"}],"version-history":[{"count":2,"href":"http:\/\/poulpe-fiction.ch\/index.php\/wp-json\/wp\/v2\/posts\/302\/revisions"}],"predecessor-version":[{"id":305,"href":"http:\/\/poulpe-fiction.ch\/index.php\/wp-json\/wp\/v2\/posts\/302\/revisions\/305"}],"wp:attachment":[{"href":"http:\/\/poulpe-fiction.ch\/index.php\/wp-json\/wp\/v2\/media?parent=302"}],"wp:term":[{"taxonomy":"category","embeddable":true,"href":"http:\/\/poulpe-fiction.ch\/index.php\/wp-json\/wp\/v2\/categories?post=302"},{"taxonomy":"post_tag","embeddable":true,"href":"http:\/\/poulpe-fiction.ch\/index.php\/wp-json\/wp\/v2\/tags?post=302"}],"curies":[{"name":"wp","href":"https:\/\/api.w.org\/{rel}","templated":true}]}}