{"id":258,"date":"2020-04-15T11:10:00","date_gmt":"2020-04-15T09:10:00","guid":{"rendered":"http:\/\/poulpe-fiction.ch\/?p=258"},"modified":"2020-04-16T16:06:41","modified_gmt":"2020-04-16T14:06:41","slug":"limprevu-de-lermite","status":"publish","type":"post","link":"http:\/\/poulpe-fiction.ch\/index.php\/2020\/04\/15\/limprevu-de-lermite\/","title":{"rendered":"\u00ab\u00a0L&rsquo;impr\u00e9vu de l&rsquo;ermite&#8230;\u00a0\u00bb"},"content":{"rendered":"\n<p>\u00ab\u00a0L\u2019impr\u00e9vu de l\u2019ermite sont ses pens\u00e9es. Elles seules rompent le cours des heures identiques. Il faut r\u00eaver pour se surprendre.\u00a0\u00bb (<em>Dans les for\u00eats de Sib\u00e9rie<\/em> \u2013 Sylvain Tesson, p. 76)<\/p>\n\n\n\n<p>Le passage du temps en inertie efface ses pas dans son esprit. Comment rompre la servitude quand pour survivre l\u2019ermite doit \u00e9tablir une routine millim\u00e9tr\u00e9e. Ne pas s\u2019habituer, renouveler l\u2019implacable machinerie des id\u00e9es. Naturellement le sens de sa qu\u00eate s\u2019\u00e9puise. L\u2019ermite cherche les lumi\u00e8res, pourtant l\u2019obscurit\u00e9 de son existence gronde. Quelque chose se meurt depuis longtemps, les plaies n\u2019apparaitront peut-\u00eatre pas avant sa fin. Un feu sans fum\u00e9e avance, le ciel n\u2019annonce pas la nouvelle. L\u2019ermite souffre mais son isolement est un voile ing\u00e9nieux. Chaque agissement orchestr\u00e9 dans sa for\u00eat est un empoisonnement anesth\u00e9siant.<\/p>\n\n\n\n<p>L\u2019ermite s\u2019enfonce vers sa libert\u00e9 promise comme une \u00e9vidence mais survient l\u2019\u00e9closion. Avec elle, l\u2019apparition des cicatrices et des rides du c\u0153ur. Est-ce bien de lui dont il s\u2019agit&#8230; ? Il semble d\u00e9sormais \u00e9veill\u00e9 et s\u2019en remet aux t\u00e2ches quotidiennes pour tromper sa nuit. La nature environnante d\u00e9borde de myst\u00e8res \u00e0 r\u00e9soudre mais l\u2019ermite n\u2019est pas po\u00e8te. L\u2019architecture des arbres, immobiles et semblables, le rassurent. Pourtant, sous la surface, les racines se meuvent et communiquent en silence. Comment prendre la mesure de ce qu\u2019il s\u2019y passe sans s\u2019allonger pour \u00e9prouver l\u2019imperceptible danse.<\/p>\n\n\n\n<p>Les fruits tombent et leurs sucres nourrissent les int\u00e9rieurs. D\u2019o\u00f9 viennent ces multiples saveurs cherchant amant\u00a0? L\u2019ermite go\u00fbte, mais sa langue n\u2019abrite aucun plaisir. Le miracle lui \u00e9chappe et la frustration l\u2019\u00e9puise. Il faudrait se mettre \u00e0 creuser mais l\u2019ermite n\u2019a d\u2019outils que ses mains et la terre lui r\u00e9siste. Soudainement son repli magnifique a l\u2019allure d\u2019une noyade et les fleurs nocturnes colorent ses jours. Impuissant il ne peut se saisir des roses naissantes sans se blesser \u00e0 leurs \u00e9pines, il se vide sans reconna\u00eetre son sang.\u00a0<\/p>\n\n\n\n<p>Pensant mourir il se souvient. En renon\u00e7ant \u00e0 ses d\u00e9sirs l\u2019ermite s\u2019\u00e9tait immobilis\u00e9. Il peut d\u00e9sormais voir la statue de son pass\u00e9 et l\u2019\u00e9corce entourant son h\u00eatre est un livre \u00e0 deviner. La s\u00e8ve \u00e9merge irriguant ses blessures et nourrissant ses pens\u00e9es. Il peut enfin se saisir de la richesse des sols et se trouve libre de mouvoir ses racines.&nbsp;<\/p>\n\n\n\n<p>Enfin lorsque ses premiers fruits d\u00e9voileront leurs couleurs l\u2019ermite se demandera quelle bouche viendra trouver son c\u0153ur et quelle larme abreuvera son \u00e2me.&nbsp;<\/p>\n\n\n\n<div style=\"height:56px\" aria-hidden=\"true\" class=\"wp-block-spacer\"><\/div>\n\n\n\n<p><em>Antoine T.<\/em><\/p>\n","protected":false},"excerpt":{"rendered":"<p>\u00ab\u00a0L\u2019impr\u00e9vu de l\u2019ermite sont ses pens\u00e9es. Elles seules rompent le cours des heures identiques. Il faut r\u00eaver pour se surprendre.\u00a0\u00bb (Dans les for\u00eats de Sib\u00e9rie \u2013 Sylvain Tesson, p. 76) Le passage du temps en inertie efface ses pas dans son esprit. Comment rompre la servitude quand pour survivre l\u2019ermite doit \u00e9tablir une routine millim\u00e9tr\u00e9e. [&hellip;]<\/p>\n","protected":false},"author":1,"featured_media":0,"comment_status":"closed","ping_status":"closed","sticky":false,"template":"","format":"standard","meta":{"_themeisle_gutenberg_block_has_review":false,"jetpack_post_was_ever_published":false,"_jetpack_newsletter_access":"","_jetpack_newsletter_tier_id":0,"footnotes":"","jetpack_publicize_message":"","jetpack_is_tweetstorm":false,"jetpack_publicize_feature_enabled":true,"jetpack_social_post_already_shared":true,"jetpack_social_options":{"image_generator_settings":{"template":"highway","enabled":false}}},"categories":[27,3],"tags":[28,7],"jetpack_publicize_connections":[],"jetpack_featured_media_url":"","jetpack_sharing_enabled":true,"jetpack_shortlink":"https:\/\/wp.me\/p94276-4a","jetpack-related-posts":[{"id":224,"url":"http:\/\/poulpe-fiction.ch\/index.php\/2020\/04\/11\/je-dis-oui\/","url_meta":{"origin":258,"position":0},"title":"Je dis OUI","author":"admin9166","date":"11 avril 2020","format":false,"excerpt":"Je dis OUI aux enchantements des premiers jours de printemps. Je dis OUI au soleil qui vous enveloppe au matin. Je dis OUI aux yeux ferm\u00e9s et aux mains qui d\u00e9couvrent. Je dis OUI \u00e0 la note identique et \u00e0 son effet pluriel. Je dis OUI aux r\u00e9sistants et aux\u2026","rel":"","context":"Dans &quot;En confinement&quot;","block_context":{"text":"En confinement","link":"http:\/\/poulpe-fiction.ch\/index.php\/category\/en-confinement\/"},"img":{"alt_text":"","src":"","width":0,"height":0},"classes":[]},{"id":289,"url":"http:\/\/poulpe-fiction.ch\/index.php\/2020\/04\/24\/devenez-un-soleil\/","url_meta":{"origin":258,"position":1},"title":"\u00ab\u00a0Devenez un soleil&#8230;\u00a0\u00bb","author":"admin9166","date":"24 avril 2020","format":false,"excerpt":"\u00ab\u00a0Devenez un soleil et tout le monde vous apercevra. Le soleil n\u2019a qu\u2019\u00e0 exister, \u00e0 \u00eatre lui-m\u00eame\u00a0\u00bb1. Ces paroles, prononc\u00e9es il y a quelques minutes par Porphyre, l\u2019inspecteur de police, continuaient de r\u00e9sonner dans sa t\u00eate. \u00ab\u00a0Le soleil\u00a0est, mais le soleil br\u00fble aussi\u00a0\u2026\u00bb Rachel ne voyait pas o\u00f9 il voulait\u2026","rel":"","context":"Dans &quot;A partir des mots d'un autre&quot;","block_context":{"text":"A partir des mots d'un autre","link":"http:\/\/poulpe-fiction.ch\/index.php\/category\/en-confinement\/a-partir-des-mots-dun-autre\/"},"img":{"alt_text":"","src":"","width":0,"height":0},"classes":[]},{"id":264,"url":"http:\/\/poulpe-fiction.ch\/index.php\/2020\/04\/17\/le-cirque-ambulant\/","url_meta":{"origin":258,"position":2},"title":"Le cirque ambulant","author":"admin9166","date":"17 avril 2020","format":false,"excerpt":"Cela se passe ce vendredi saint, dans une for\u00eat proche de Pampigny, o\u00f9 est n\u00e9e mon amie M. Nous avions march\u00e9 bien dix milles pas avant de trouver la petite cabane. - Tu vois c\u2019est l\u00e0 que nous venions pour les f\u00eates de famille. Nos appartements \u00e9taient trop petits pour\u2026","rel":"","context":"Dans &quot;En confinement&quot;","block_context":{"text":"En confinement","link":"http:\/\/poulpe-fiction.ch\/index.php\/category\/en-confinement\/"},"img":{"alt_text":"","src":"","width":0,"height":0},"classes":[]},{"id":194,"url":"http:\/\/poulpe-fiction.ch\/index.php\/2020\/04\/03\/chose-lyrique\/","url_meta":{"origin":258,"position":3},"title":"Chose lyrique","author":"admin9166","date":"3 avril 2020","format":false,"excerpt":"Une fois, devant la COOP, au moment de me d\u00e9sinfecter les mains, je croise le directeur d'un op\u00e9ra de ma ville natale. Comme il n\u2019y a pas d\u2019autres clients, on se salue \u00e0 distance. Comment allez-vous\u00a0? Je demande. Je ne comprends pas sa r\u00e9ponse car il y a trop de\u2026","rel":"","context":"Dans &quot;Choses qui&quot;","block_context":{"text":"Choses qui","link":"http:\/\/poulpe-fiction.ch\/index.php\/category\/en-confinement\/choses-qui\/"},"img":{"alt_text":"","src":"","width":0,"height":0},"classes":[]},{"id":187,"url":"http:\/\/poulpe-fiction.ch\/index.php\/2020\/04\/03\/lheure-de-la-femme-tronc\/","url_meta":{"origin":258,"position":4},"title":"L&rsquo;heure de la femme tronc","author":"admin9166","date":"3 avril 2020","format":false,"excerpt":"L\u2019heure du r\u00e9veil La femme tronc se l\u00e8ve plus tard que d\u2019habitude. Pas de souci - elle a le temps car il suffit de laver, maquiller et d\u2019habiller le tronc. Dix pas et la femme tronc rejoint son \u00e9cran pour l'heure professionnelle La femme tronc a de la peine \u00e0\u2026","rel":"","context":"Dans &quot;En confinement&quot;","block_context":{"text":"En confinement","link":"http:\/\/poulpe-fiction.ch\/index.php\/category\/en-confinement\/"},"img":{"alt_text":"","src":"","width":0,"height":0},"classes":[]},{"id":323,"url":"http:\/\/poulpe-fiction.ch\/index.php\/2020\/12\/05\/poulpe-fiction-se-revolte\/","url_meta":{"origin":258,"position":5},"title":"Poulpe Fiction affiche sa r\u00e9volte!","author":"admin9166","date":"5 d\u00e9cembre 2020","format":false,"excerpt":"Apr\u00e8s son atelier \"confin\u00e9\", Poulpe Fiction a r\u00e9uni un groupe de r\u00e9volt\u00e9s de la plume pour un atelier extraordinaire articul\u00e9 autour de trois temps: Col\u00e8re, R\u00e9volte et Manifestation. Le r\u00e9sultat: des mots, des \u00e9motions et de la po\u00e9sie qui se d\u00e9plient et s'affichent! Merci \u00e0 toutes et tous les participant.e.s\u2026","rel":"","context":"Dans &quot;Non class\u00e9&quot;","block_context":{"text":"Non class\u00e9","link":"http:\/\/poulpe-fiction.ch\/index.php\/category\/non-classe\/"},"img":{"alt_text":"","src":"https:\/\/i0.wp.com\/poulpe-fiction.ch\/wp-content\/uploads\/2021\/08\/AfficheRevoltePF-scaled.jpg?resize=350%2C200","width":350,"height":200,"srcset":"https:\/\/i0.wp.com\/poulpe-fiction.ch\/wp-content\/uploads\/2021\/08\/AfficheRevoltePF-scaled.jpg?resize=350%2C200 1x, https:\/\/i0.wp.com\/poulpe-fiction.ch\/wp-content\/uploads\/2021\/08\/AfficheRevoltePF-scaled.jpg?resize=525%2C300 1.5x, https:\/\/i0.wp.com\/poulpe-fiction.ch\/wp-content\/uploads\/2021\/08\/AfficheRevoltePF-scaled.jpg?resize=700%2C400 2x, https:\/\/i0.wp.com\/poulpe-fiction.ch\/wp-content\/uploads\/2021\/08\/AfficheRevoltePF-scaled.jpg?resize=1050%2C600 3x, https:\/\/i0.wp.com\/poulpe-fiction.ch\/wp-content\/uploads\/2021\/08\/AfficheRevoltePF-scaled.jpg?resize=1400%2C800 4x"},"classes":[]}],"_links":{"self":[{"href":"http:\/\/poulpe-fiction.ch\/index.php\/wp-json\/wp\/v2\/posts\/258"}],"collection":[{"href":"http:\/\/poulpe-fiction.ch\/index.php\/wp-json\/wp\/v2\/posts"}],"about":[{"href":"http:\/\/poulpe-fiction.ch\/index.php\/wp-json\/wp\/v2\/types\/post"}],"author":[{"embeddable":true,"href":"http:\/\/poulpe-fiction.ch\/index.php\/wp-json\/wp\/v2\/users\/1"}],"replies":[{"embeddable":true,"href":"http:\/\/poulpe-fiction.ch\/index.php\/wp-json\/wp\/v2\/comments?post=258"}],"version-history":[{"count":3,"href":"http:\/\/poulpe-fiction.ch\/index.php\/wp-json\/wp\/v2\/posts\/258\/revisions"}],"predecessor-version":[{"id":263,"href":"http:\/\/poulpe-fiction.ch\/index.php\/wp-json\/wp\/v2\/posts\/258\/revisions\/263"}],"wp:attachment":[{"href":"http:\/\/poulpe-fiction.ch\/index.php\/wp-json\/wp\/v2\/media?parent=258"}],"wp:term":[{"taxonomy":"category","embeddable":true,"href":"http:\/\/poulpe-fiction.ch\/index.php\/wp-json\/wp\/v2\/categories?post=258"},{"taxonomy":"post_tag","embeddable":true,"href":"http:\/\/poulpe-fiction.ch\/index.php\/wp-json\/wp\/v2\/tags?post=258"}],"curies":[{"name":"wp","href":"https:\/\/api.w.org\/{rel}","templated":true}]}}