{"id":250,"date":"2020-04-17T11:05:00","date_gmt":"2020-04-17T09:05:00","guid":{"rendered":"http:\/\/poulpe-fiction.ch\/?p=250"},"modified":"2020-04-16T16:13:28","modified_gmt":"2020-04-16T14:13:28","slug":"je-naime-pas","status":"publish","type":"post","link":"http:\/\/poulpe-fiction.ch\/index.php\/2020\/04\/17\/je-naime-pas\/","title":{"rendered":"Je n&rsquo;aime pas"},"content":{"rendered":"\n<p>Je n\u2019aime pas\u00a0: les gens qui se plaignent tout le temps et ne voyant pas que c\u2019est peut-\u00eatre eux le probl\u00e8me et pas la soci\u00e9t\u00e9 qui les entoure, les gens qui ne prennent pas soin d\u2019eux, les agressifs, les malhonn\u00eates, les gens mauvais qui aiment \u00eatres mauvais, les mauvaises habitudes, la col\u00e8re, les bananes, la pluie quand je veux faire un barbecue, les gens qui mentent, la petite vieille agressive du supermarch\u00e9 qui prend trop de temps aux heures de pointe, les jeunes qui agressent des autres jeunes ou des vieilles personnes, les gens qui ne respectent pas les animaux, le fait qu\u2019on ait de plus en plus de limites et qu\u2019on soit mal vu pour certaines choses alors que \u00e7a serait tellement plus simple de se laisser vivre chacun avec nos petits bonheurs, les gens irrespectueux, le cenovis, les beaufs, les filles qui rejettent les hommes sans regarder leur int\u00e9rieur mais seulement leur ext\u00e9rieur, les gens qui conduisent trop lentement ou trop vite et mal, la mort, les personnes qui disparaissent, l\u2019infid\u00e9lit\u00e9, les politiques pensant d\u2019abord \u00e0 leur image avant le bien commun, les abrutis.<\/p>\n\n\n\n<div style=\"height:45px\" aria-hidden=\"true\" class=\"wp-block-spacer\"><\/div>\n\n\n\n<p><em>Matthieu J.<\/em><\/p>\n","protected":false},"excerpt":{"rendered":"<p>Je n\u2019aime pas\u00a0: les gens qui se plaignent tout le temps et ne voyant pas que c\u2019est peut-\u00eatre eux le probl\u00e8me et pas la soci\u00e9t\u00e9 qui les entoure, les gens qui ne prennent pas soin d\u2019eux, les agressifs, les malhonn\u00eates, les gens mauvais qui aiment \u00eatres mauvais, les mauvaises habitudes, la col\u00e8re, les bananes, la [&hellip;]<\/p>\n","protected":false},"author":1,"featured_media":0,"comment_status":"closed","ping_status":"closed","sticky":false,"template":"","format":"standard","meta":{"_themeisle_gutenberg_block_has_review":false,"jetpack_post_was_ever_published":false,"_jetpack_newsletter_access":"","_jetpack_newsletter_tier_id":0,"footnotes":"","jetpack_publicize_message":"","jetpack_is_tweetstorm":false,"jetpack_publicize_feature_enabled":true,"jetpack_social_post_already_shared":true,"jetpack_social_options":{"image_generator_settings":{"template":"highway","enabled":false}}},"categories":[3,25],"tags":[7],"jetpack_publicize_connections":[],"jetpack_featured_media_url":"","jetpack_sharing_enabled":true,"jetpack_shortlink":"https:\/\/wp.me\/p94276-42","jetpack-related-posts":[{"id":114,"url":"http:\/\/poulpe-fiction.ch\/index.php\/2020\/03\/30\/choses-qui-font-peur\/","url_meta":{"origin":250,"position":0},"title":"Choses qui font peur","author":"admin9166","date":"30 mars 2020","format":false,"excerpt":"\u00a0 \u00catre loin de ses proches ou plut\u00f4t des gens que l'on aime Et apr\u00e8s? L'arm\u00e9e dans les rues La peur des autres \u00a0 Ania G. La mort (un peu plus que d\u2019habitude) Les cons\u00e9quences sociales, politiques et \u00e9conomiques La perspective de l\u2019annulation de l\u2019ann\u00e9e scolaire Transmettre la maladie et\u2026","rel":"","context":"Dans &quot;Choses qui&quot;","block_context":{"text":"Choses qui","link":"http:\/\/poulpe-fiction.ch\/index.php\/category\/en-confinement\/choses-qui\/"},"img":{"alt_text":"","src":"","width":0,"height":0},"classes":[]},{"id":136,"url":"http:\/\/poulpe-fiction.ch\/index.php\/2020\/03\/30\/choses-qui-sont-les-memes-quand-on-est-confine\/","url_meta":{"origin":250,"position":1},"title":"Choses qui sont les m\u00eames quand on est confin\u00e9","author":"admin9166","date":"30 mars 2020","format":false,"excerpt":"Faire l'amour, avoir soif, avoir faim, se laver, se soulager, rire, pleurer Mes peurs, mes doutes et mes questions incessantes Les gens que j'aime ou peut-\u00eatre ne sont-ils plus les m\u00eames? Le go\u00fbt du caf\u00e9 La pluie \u00a0 Ania G.","rel":"","context":"Dans &quot;Choses qui&quot;","block_context":{"text":"Choses qui","link":"http:\/\/poulpe-fiction.ch\/index.php\/category\/en-confinement\/choses-qui\/"},"img":{"alt_text":"","src":"","width":0,"height":0},"classes":[]},{"id":106,"url":"http:\/\/poulpe-fiction.ch\/index.php\/2020\/03\/29\/les-choses-qui-nous-fachent\/","url_meta":{"origin":250,"position":2},"title":"Choses qui nous f\u00e2chent","author":"admin9166","date":"29 mars 2020","format":false,"excerpt":"La b\u00eatise des gens, surtout ceux qui ne pensent pas aux autres en d\u00e9valisant les magasins Le fait qu\u2019on ne parle que des morts Les gens qui ne font pas attention aux mesures de s\u00e9curit\u00e9 indispensables Voir le nombre de personnes dehors chaque fois que je prends ma voiture pour\u2026","rel":"","context":"Dans &quot;Choses qui&quot;","block_context":{"text":"Choses qui","link":"http:\/\/poulpe-fiction.ch\/index.php\/category\/en-confinement\/choses-qui\/"},"img":{"alt_text":"","src":"","width":0,"height":0},"classes":[]},{"id":243,"url":"http:\/\/poulpe-fiction.ch\/index.php\/2020\/04\/14\/je-reste-a-regarder-le-temps-2-2\/","url_meta":{"origin":250,"position":3},"title":"Je reste \u00e0 regarder le temps #2","author":"admin9166","date":"14 avril 2020","format":false,"excerpt":"Je reste \u00e0 regarder le temps qui passe, le soleil qui se l\u00e8ve chaque matin quelques minutes plus t\u00f4t signe que les journ\u00e9es s\u2019allongent, que le temps des chaudes soir\u00e9es d\u2019\u00e9t\u00e9 arrive bient\u00f4t, promesse de barbecues entre amis \u00e0 rire aux \u00e9clats sur des sujets divers et vari\u00e9s, du ros\u00e9\u2026","rel":"","context":"Dans &quot;En confinement&quot;","block_context":{"text":"En confinement","link":"http:\/\/poulpe-fiction.ch\/index.php\/category\/en-confinement\/"},"img":{"alt_text":"","src":"","width":0,"height":0},"classes":[]},{"id":248,"url":"http:\/\/poulpe-fiction.ch\/index.php\/2020\/04\/15\/je-dis-non\/","url_meta":{"origin":250,"position":4},"title":"Je dis NON","author":"admin9166","date":"15 avril 2020","format":false,"excerpt":"Je dis NON \u00e0 cette situation, je dis NON \u00e0 ce virus, je dis NON \u00e0 toutes ces personnes qui meurent, je dis NON au fait que nous ne puissions pas dire un dernier au revoir \u00e0 celles-ci, je dis NON au cons qui ne respectent pas les r\u00e8gles \u00e9tablies,\u2026","rel":"","context":"Dans &quot;En confinement&quot;","block_context":{"text":"En confinement","link":"http:\/\/poulpe-fiction.ch\/index.php\/category\/en-confinement\/"},"img":{"alt_text":"","src":"","width":0,"height":0},"classes":[]},{"id":108,"url":"http:\/\/poulpe-fiction.ch\/index.php\/2020\/03\/29\/les-choses-quon-observe\/","url_meta":{"origin":250,"position":5},"title":"Choses qu&rsquo;on observe","author":"admin9166","date":"29 mars 2020","format":false,"excerpt":"La nature qui reprend le dessus Le ciel bleu sans trace d\u2019avions Comment les gens s\u2019organisent, surtout pour aider les autres \u00a0 Matthieu J.","rel":"","context":"Dans &quot;Choses qui&quot;","block_context":{"text":"Choses qui","link":"http:\/\/poulpe-fiction.ch\/index.php\/category\/en-confinement\/choses-qui\/"},"img":{"alt_text":"","src":"","width":0,"height":0},"classes":[]}],"_links":{"self":[{"href":"http:\/\/poulpe-fiction.ch\/index.php\/wp-json\/wp\/v2\/posts\/250"}],"collection":[{"href":"http:\/\/poulpe-fiction.ch\/index.php\/wp-json\/wp\/v2\/posts"}],"about":[{"href":"http:\/\/poulpe-fiction.ch\/index.php\/wp-json\/wp\/v2\/types\/post"}],"author":[{"embeddable":true,"href":"http:\/\/poulpe-fiction.ch\/index.php\/wp-json\/wp\/v2\/users\/1"}],"replies":[{"embeddable":true,"href":"http:\/\/poulpe-fiction.ch\/index.php\/wp-json\/wp\/v2\/comments?post=250"}],"version-history":[{"count":1,"href":"http:\/\/poulpe-fiction.ch\/index.php\/wp-json\/wp\/v2\/posts\/250\/revisions"}],"predecessor-version":[{"id":251,"href":"http:\/\/poulpe-fiction.ch\/index.php\/wp-json\/wp\/v2\/posts\/250\/revisions\/251"}],"wp:attachment":[{"href":"http:\/\/poulpe-fiction.ch\/index.php\/wp-json\/wp\/v2\/media?parent=250"}],"wp:term":[{"taxonomy":"category","embeddable":true,"href":"http:\/\/poulpe-fiction.ch\/index.php\/wp-json\/wp\/v2\/categories?post=250"},{"taxonomy":"post_tag","embeddable":true,"href":"http:\/\/poulpe-fiction.ch\/index.php\/wp-json\/wp\/v2\/tags?post=250"}],"curies":[{"name":"wp","href":"https:\/\/api.w.org\/{rel}","templated":true}]}}