{"id":25,"date":"2018-04-11T14:44:56","date_gmt":"2018-04-11T12:44:56","guid":{"rendered":"http:\/\/poulpe-fiction.ch\/?p=25"},"modified":"2020-03-29T11:44:58","modified_gmt":"2020-03-29T09:44:58","slug":"25","status":"publish","type":"post","link":"http:\/\/poulpe-fiction.ch\/index.php\/2018\/04\/11\/25\/","title":{"rendered":""},"content":{"rendered":"<p>Atelier Poulpe Fiction &#8211; La science-fiction &#8211; \u00e9t\u00e9 2017<\/p>\n","protected":false},"excerpt":{"rendered":"<p>Atelier Poulpe Fiction &#8211; La science-fiction &#8211; \u00e9t\u00e9 2017<\/p>\n","protected":false},"author":1,"featured_media":16,"comment_status":"closed","ping_status":"closed","sticky":false,"template":"","format":"standard","meta":{"_themeisle_gutenberg_block_has_review":false,"jetpack_post_was_ever_published":false,"_jetpack_newsletter_access":"","_jetpack_newsletter_tier_id":0,"footnotes":"","jetpack_publicize_message":"","jetpack_is_tweetstorm":false,"jetpack_publicize_feature_enabled":true,"jetpack_social_post_already_shared":false,"jetpack_social_options":{"image_generator_settings":{"template":"highway","enabled":false}}},"categories":[5],"tags":[],"jetpack_publicize_connections":[],"jetpack_featured_media_url":"https:\/\/i0.wp.com\/poulpe-fiction.ch\/wp-content\/uploads\/2018\/04\/atelierPF-1024x768.jpg?fit=1024%2C768","jetpack_sharing_enabled":true,"jetpack_shortlink":"https:\/\/wp.me\/s94276-25","jetpack-related-posts":[{"id":323,"url":"http:\/\/poulpe-fiction.ch\/index.php\/2020\/12\/05\/poulpe-fiction-se-revolte\/","url_meta":{"origin":25,"position":0},"title":"Poulpe Fiction affiche sa r\u00e9volte!","author":"admin9166","date":"5 d\u00e9cembre 2020","format":false,"excerpt":"Apr\u00e8s son atelier \"confin\u00e9\", Poulpe Fiction a r\u00e9uni un groupe de r\u00e9volt\u00e9s de la plume pour un atelier extraordinaire articul\u00e9 autour de trois temps: Col\u00e8re, R\u00e9volte et Manifestation. Le r\u00e9sultat: des mots, des \u00e9motions et de la po\u00e9sie qui se d\u00e9plient et s'affichent! Merci \u00e0 toutes et tous les participant.e.s\u2026","rel":"","context":"Dans &quot;Non class\u00e9&quot;","block_context":{"text":"Non class\u00e9","link":"http:\/\/poulpe-fiction.ch\/index.php\/category\/non-classe\/"},"img":{"alt_text":"","src":"https:\/\/i0.wp.com\/poulpe-fiction.ch\/wp-content\/uploads\/2021\/08\/AfficheRevoltePF-scaled.jpg?resize=350%2C200","width":350,"height":200,"srcset":"https:\/\/i0.wp.com\/poulpe-fiction.ch\/wp-content\/uploads\/2021\/08\/AfficheRevoltePF-scaled.jpg?resize=350%2C200 1x, https:\/\/i0.wp.com\/poulpe-fiction.ch\/wp-content\/uploads\/2021\/08\/AfficheRevoltePF-scaled.jpg?resize=525%2C300 1.5x, https:\/\/i0.wp.com\/poulpe-fiction.ch\/wp-content\/uploads\/2021\/08\/AfficheRevoltePF-scaled.jpg?resize=700%2C400 2x, https:\/\/i0.wp.com\/poulpe-fiction.ch\/wp-content\/uploads\/2021\/08\/AfficheRevoltePF-scaled.jpg?resize=1050%2C600 3x, https:\/\/i0.wp.com\/poulpe-fiction.ch\/wp-content\/uploads\/2021\/08\/AfficheRevoltePF-scaled.jpg?resize=1400%2C800 4x"},"classes":[]},{"id":78,"url":"http:\/\/poulpe-fiction.ch\/index.php\/2020\/03\/23\/confinement2020\/","url_meta":{"origin":25,"position":1},"title":"En confinement? Ecrivez!","author":"admin9166","date":"23 mars 2020","format":false,"excerpt":"Poulpe Fiction en confinement Pendant le confinement, on fait face, on attend, on s\u2019exprime et on s\u2019\u00e9chappe. Atelier en ligne, avec des exercices \u00e0 t\u00e9l\u00e9charger ici. D\u00e9couvrez tous les textes des participants \u00e0 l'atelier \"en confinement\" sur cette page.","rel":"","context":"Dans &quot;En confinement&quot;","block_context":{"text":"En confinement","link":"http:\/\/poulpe-fiction.ch\/index.php\/category\/en-confinement\/"},"img":{"alt_text":"","src":"","width":0,"height":0},"classes":[]},{"id":315,"url":"http:\/\/poulpe-fiction.ch\/index.php\/2020\/06\/28\/le-premier-recueil-poulpe-fiction-est-la\/","url_meta":{"origin":25,"position":2},"title":"Notre premier recueil est l\u00e0!","author":"admin9166","date":"28 juin 2020","format":false,"excerpt":"Bien peu apr\u00e8s regroupe les textes \u00e9crits pour l'atelier \"En confinement\". Un grand bravo aux participant.e.s! En un\u00a0peu plus de soixante textes, les auteurs peignent une image multiple et personnelle de la pand\u00e9mie en nous accueillant dans l'intimit\u00e9 de leur exp\u00e9rience d'une vie confin\u00e9e. Le recueil est disponible au prix\u2026","rel":"","context":"Dans &quot;En confinement&quot;","block_context":{"text":"En confinement","link":"http:\/\/poulpe-fiction.ch\/index.php\/category\/en-confinement\/"},"img":{"alt_text":"","src":"https:\/\/i0.wp.com\/poulpe-fiction.ch\/wp-content\/uploads\/2020\/06\/IMG_7374-scaled.jpg?resize=350%2C200","width":350,"height":200,"srcset":"https:\/\/i0.wp.com\/poulpe-fiction.ch\/wp-content\/uploads\/2020\/06\/IMG_7374-scaled.jpg?resize=350%2C200 1x, https:\/\/i0.wp.com\/poulpe-fiction.ch\/wp-content\/uploads\/2020\/06\/IMG_7374-scaled.jpg?resize=525%2C300 1.5x, https:\/\/i0.wp.com\/poulpe-fiction.ch\/wp-content\/uploads\/2020\/06\/IMG_7374-scaled.jpg?resize=700%2C400 2x, https:\/\/i0.wp.com\/poulpe-fiction.ch\/wp-content\/uploads\/2020\/06\/IMG_7374-scaled.jpg?resize=1050%2C600 3x, https:\/\/i0.wp.com\/poulpe-fiction.ch\/wp-content\/uploads\/2020\/06\/IMG_7374-scaled.jpg?resize=1400%2C800 4x"},"classes":[]},{"id":106,"url":"http:\/\/poulpe-fiction.ch\/index.php\/2020\/03\/29\/les-choses-qui-nous-fachent\/","url_meta":{"origin":25,"position":3},"title":"Choses qui nous f\u00e2chent","author":"admin9166","date":"29 mars 2020","format":false,"excerpt":"La b\u00eatise des gens, surtout ceux qui ne pensent pas aux autres en d\u00e9valisant les magasins Le fait qu\u2019on ne parle que des morts Les gens qui ne font pas attention aux mesures de s\u00e9curit\u00e9 indispensables Voir le nombre de personnes dehors chaque fois que je prends ma voiture pour\u2026","rel":"","context":"Dans &quot;Choses qui&quot;","block_context":{"text":"Choses qui","link":"http:\/\/poulpe-fiction.ch\/index.php\/category\/en-confinement\/choses-qui\/"},"img":{"alt_text":"","src":"","width":0,"height":0},"classes":[]},{"id":127,"url":"http:\/\/poulpe-fiction.ch\/index.php\/2020\/03\/29\/choses-absurdes\/","url_meta":{"origin":25,"position":4},"title":"Choses absurdes","author":"admin9166","date":"29 mars 2020","format":false,"excerpt":"Mettre les livres pr\u00eat\u00e9s par Monique et Ariane en quarantaine. Pourquoi les chocolateries sont-elles ouvertes et pas les magasins de vins ? \u00a0 Carine B.","rel":"","context":"Dans &quot;Choses qui&quot;","block_context":{"text":"Choses qui","link":"http:\/\/poulpe-fiction.ch\/index.php\/category\/en-confinement\/choses-qui\/"},"img":{"alt_text":"","src":"","width":0,"height":0},"classes":[]},{"id":108,"url":"http:\/\/poulpe-fiction.ch\/index.php\/2020\/03\/29\/les-choses-quon-observe\/","url_meta":{"origin":25,"position":5},"title":"Choses qu&rsquo;on observe","author":"admin9166","date":"29 mars 2020","format":false,"excerpt":"La nature qui reprend le dessus Le ciel bleu sans trace d\u2019avions Comment les gens s\u2019organisent, surtout pour aider les autres \u00a0 Matthieu J.","rel":"","context":"Dans &quot;Choses qui&quot;","block_context":{"text":"Choses qui","link":"http:\/\/poulpe-fiction.ch\/index.php\/category\/en-confinement\/choses-qui\/"},"img":{"alt_text":"","src":"","width":0,"height":0},"classes":[]}],"_links":{"self":[{"href":"http:\/\/poulpe-fiction.ch\/index.php\/wp-json\/wp\/v2\/posts\/25"}],"collection":[{"href":"http:\/\/poulpe-fiction.ch\/index.php\/wp-json\/wp\/v2\/posts"}],"about":[{"href":"http:\/\/poulpe-fiction.ch\/index.php\/wp-json\/wp\/v2\/types\/post"}],"author":[{"embeddable":true,"href":"http:\/\/poulpe-fiction.ch\/index.php\/wp-json\/wp\/v2\/users\/1"}],"replies":[{"embeddable":true,"href":"http:\/\/poulpe-fiction.ch\/index.php\/wp-json\/wp\/v2\/comments?post=25"}],"version-history":[{"count":1,"href":"http:\/\/poulpe-fiction.ch\/index.php\/wp-json\/wp\/v2\/posts\/25\/revisions"}],"predecessor-version":[{"id":26,"href":"http:\/\/poulpe-fiction.ch\/index.php\/wp-json\/wp\/v2\/posts\/25\/revisions\/26"}],"wp:featuredmedia":[{"embeddable":true,"href":"http:\/\/poulpe-fiction.ch\/index.php\/wp-json\/wp\/v2\/media\/16"}],"wp:attachment":[{"href":"http:\/\/poulpe-fiction.ch\/index.php\/wp-json\/wp\/v2\/media?parent=25"}],"wp:term":[{"taxonomy":"category","embeddable":true,"href":"http:\/\/poulpe-fiction.ch\/index.php\/wp-json\/wp\/v2\/categories?post=25"},{"taxonomy":"post_tag","embeddable":true,"href":"http:\/\/poulpe-fiction.ch\/index.php\/wp-json\/wp\/v2\/tags?post=25"}],"curies":[{"name":"wp","href":"https:\/\/api.w.org\/{rel}","templated":true}]}}