{"id":224,"date":"2020-04-11T08:17:00","date_gmt":"2020-04-11T06:17:00","guid":{"rendered":"http:\/\/poulpe-fiction.ch\/?p=224"},"modified":"2020-04-11T14:07:45","modified_gmt":"2020-04-11T12:07:45","slug":"je-dis-oui","status":"publish","type":"post","link":"http:\/\/poulpe-fiction.ch\/index.php\/2020\/04\/11\/je-dis-oui\/","title":{"rendered":"Je dis OUI"},"content":{"rendered":"\n<p>Je dis OUI aux enchantements des premiers jours de printemps. Je dis OUI au soleil qui vous enveloppe au matin. Je dis OUI aux yeux ferm\u00e9s et aux mains qui d\u00e9couvrent. Je dis OUI \u00e0 la note identique et \u00e0 son effet pluriel. Je dis OUI aux r\u00e9sistants et aux r\u00e9ticents d\u2019une compr\u00e9hension unique. A chacun son mouvement sur une m\u00e9lodie collective. Je dis OUI \u00e0 l\u2019envie de r\u00e9aliser et aux surprises de l\u2019incertain.&nbsp;<\/p>\n\n\n\n<p>Je dis OUI \u00e0 la musique, celle des musiciens et celle des oiseaux de passage. Je dis OUI \u00e0 l\u2019incompr\u00e9hension des mots prononc\u00e9s et aux r\u00e9v\u00e9lations des silences. Je dis OUI \u00e0 la singularit\u00e9 des paysages dans lesquels on s\u2019invente le dessin de nos corps. Je dis OUI aux courbes et aux marques du temps. Je dis OUI aux plaisirs, aux embrassades et \u00e0 notre voyage.&nbsp;<\/p>\n\n\n\n<p>&nbsp;Je dis OUI \u00e0 l\u2019intuition d\u2019une rencontre. Je dis OUI \u00e0 l\u2019eau et l\u2019odeur du soleil sur la peau. Je dis OUI aux sensibilit\u00e9s multiples et \u00e0 la sensualit\u00e9 d\u2019une nage. Je dis OUI aux fleurs offertes et \u00e0 la m\u00e9moire d\u2019une caresse. Je dis OUI aux d\u00e9sirs naissants contenus dans un sourire \u00e9ph\u00e9m\u00e8re. Je dis OUI \u00e0 l\u2019incompr\u00e9hension et \u00e0 l\u2019aveu de l\u2019impuissance.&nbsp;<\/p>\n\n\n\n<p>Je dis OUI \u00e0 l\u2019ind\u00e9pendance et \u00e0 l\u2019envie d\u2019appartenir. Je dis OUI aux pens\u00e9es qui ouvrent des portes en courant d\u2019air. Je dis OUI aux rires qui apportent une r\u00e9ponse. Je dis OUI aux liens \u00e0 d\u00e9faire et aux racines nouvelles d\u2019une architecture mouvante. Je dis OUI aux for\u00eats et aux zones d\u2019ombres qui abritent les miracles. Je dis OUI aux couleurs en haut des cimes refl\u00e9tant l\u2019adieu au jour.&nbsp;<\/p>\n\n\n\n<div style=\"height:61px\" aria-hidden=\"true\" class=\"wp-block-spacer\"><\/div>\n\n\n\n<p><em>Antoine T.<\/em><\/p>\n","protected":false},"excerpt":{"rendered":"<p>Je dis OUI aux enchantements des premiers jours de printemps. Je dis OUI au soleil qui vous enveloppe au matin. Je dis OUI aux yeux ferm\u00e9s et aux mains qui d\u00e9couvrent. Je dis OUI \u00e0 la note identique et \u00e0 son effet pluriel. Je dis OUI aux r\u00e9sistants et aux r\u00e9ticents d\u2019une compr\u00e9hension unique. A [&hellip;]<\/p>\n","protected":false},"author":1,"featured_media":0,"comment_status":"closed","ping_status":"closed","sticky":false,"template":"","format":"standard","meta":{"_themeisle_gutenberg_block_has_review":false,"jetpack_post_was_ever_published":false,"_jetpack_newsletter_access":"","_jetpack_newsletter_tier_id":0,"footnotes":"","jetpack_publicize_message":"","jetpack_is_tweetstorm":false,"jetpack_publicize_feature_enabled":true,"jetpack_social_post_already_shared":true,"jetpack_social_options":{"image_generator_settings":{"template":"highway","enabled":false}}},"categories":[3,23],"tags":[7,24],"jetpack_publicize_connections":[],"jetpack_featured_media_url":"","jetpack_sharing_enabled":true,"jetpack_shortlink":"https:\/\/wp.me\/p94276-3C","jetpack-related-posts":[{"id":248,"url":"http:\/\/poulpe-fiction.ch\/index.php\/2020\/04\/15\/je-dis-non\/","url_meta":{"origin":224,"position":0},"title":"Je dis NON","author":"admin9166","date":"15 avril 2020","format":false,"excerpt":"Je dis NON \u00e0 cette situation, je dis NON \u00e0 ce virus, je dis NON \u00e0 toutes ces personnes qui meurent, je dis NON au fait que nous ne puissions pas dire un dernier au revoir \u00e0 celles-ci, je dis NON au cons qui ne respectent pas les r\u00e8gles \u00e9tablies,\u2026","rel":"","context":"Dans &quot;En confinement&quot;","block_context":{"text":"En confinement","link":"http:\/\/poulpe-fiction.ch\/index.php\/category\/en-confinement\/"},"img":{"alt_text":"","src":"","width":0,"height":0},"classes":[]},{"id":266,"url":"http:\/\/poulpe-fiction.ch\/index.php\/2020\/04\/18\/dialogue-de-sourd\/","url_meta":{"origin":224,"position":1},"title":"Dialogue de sourd","author":"admin9166","date":"18 avril 2020","format":false,"excerpt":"Le 13 mars, notre ami D (79 ans) s\u2019est r\u00e9veill\u00e9 compl\u00e8tement sourd.\u00a0 Hier il est venu manger\u00a0avec sa femme. Nous communiquons avec lui en \u00e9crivant nos propos sur un petit carnet . Voici: J\u2019ai crois\u00e9 Olivier, cet apr\u00e8s-midi, il m\u2019a demand\u00e9 de tes nouvelles. Essaie d\u2019aller ailleurs: bord du lac,\u2026","rel":"","context":"Dans &quot;En confinement&quot;","block_context":{"text":"En confinement","link":"http:\/\/poulpe-fiction.ch\/index.php\/category\/en-confinement\/"},"img":{"alt_text":"","src":"","width":0,"height":0},"classes":[]},{"id":202,"url":"http:\/\/poulpe-fiction.ch\/index.php\/2020\/04\/05\/en-attendant-devant-la-migros\/","url_meta":{"origin":224,"position":2},"title":"En attendant devant la Migros","author":"admin9166","date":"5 avril 2020","format":false,"excerpt":"X.\u00a0Tu es s\u00fbr que c\u2019est ici\u00a0? Y.\u00a0Quoi\u00a0? X. Qu\u2019il faut attendre. On m\u2019a dit d\u2019attendre devant l\u2019arbre,\u00a0y en a-t-il un autre? Y.\u00a0\u00a0Un autre arbre\u00a0? Non, il n\u2019y en a pas d\u2019autre. X. Merci.\u00a0 (un temps ) X. Quel est ton nom\u00a0? Y. Elle m\u2019a appel\u00e9 Vladimir, en souvenir d\u2019un oncle\u2026","rel":"","context":"Dans &quot;En attendant&quot;","block_context":{"text":"En attendant","link":"http:\/\/poulpe-fiction.ch\/index.php\/category\/en-confinement\/en-attendant\/"},"img":{"alt_text":"","src":"","width":0,"height":0},"classes":[]},{"id":194,"url":"http:\/\/poulpe-fiction.ch\/index.php\/2020\/04\/03\/chose-lyrique\/","url_meta":{"origin":224,"position":3},"title":"Chose lyrique","author":"admin9166","date":"3 avril 2020","format":false,"excerpt":"Une fois, devant la COOP, au moment de me d\u00e9sinfecter les mains, je croise le directeur d'un op\u00e9ra de ma ville natale. Comme il n\u2019y a pas d\u2019autres clients, on se salue \u00e0 distance. Comment allez-vous\u00a0? Je demande. Je ne comprends pas sa r\u00e9ponse car il y a trop de\u2026","rel":"","context":"Dans &quot;Choses qui&quot;","block_context":{"text":"Choses qui","link":"http:\/\/poulpe-fiction.ch\/index.php\/category\/en-confinement\/choses-qui\/"},"img":{"alt_text":"","src":"","width":0,"height":0},"classes":[]},{"id":289,"url":"http:\/\/poulpe-fiction.ch\/index.php\/2020\/04\/24\/devenez-un-soleil\/","url_meta":{"origin":224,"position":4},"title":"\u00ab\u00a0Devenez un soleil&#8230;\u00a0\u00bb","author":"admin9166","date":"24 avril 2020","format":false,"excerpt":"\u00ab\u00a0Devenez un soleil et tout le monde vous apercevra. Le soleil n\u2019a qu\u2019\u00e0 exister, \u00e0 \u00eatre lui-m\u00eame\u00a0\u00bb1. Ces paroles, prononc\u00e9es il y a quelques minutes par Porphyre, l\u2019inspecteur de police, continuaient de r\u00e9sonner dans sa t\u00eate. \u00ab\u00a0Le soleil\u00a0est, mais le soleil br\u00fble aussi\u00a0\u2026\u00bb Rachel ne voyait pas o\u00f9 il voulait\u2026","rel":"","context":"Dans &quot;A partir des mots d'un autre&quot;","block_context":{"text":"A partir des mots d'un autre","link":"http:\/\/poulpe-fiction.ch\/index.php\/category\/en-confinement\/a-partir-des-mots-dun-autre\/"},"img":{"alt_text":"","src":"","width":0,"height":0},"classes":[]},{"id":170,"url":"http:\/\/poulpe-fiction.ch\/index.php\/2020\/04\/03\/en-attendant\/","url_meta":{"origin":224,"position":5},"title":"En attendant la fin","author":"admin9166","date":"3 avril 2020","format":false,"excerpt":"Lui \u2013 Allons-nous-en.Elle \u2013 On ne peut pas.Lui \u2013 Pourquoi ?Elle \u2013 On attend la fin du confinement.Lui \u2013 C\u2019est vrai. (Un temps.) Tu es s\u00fbre que c\u2019est ici?Elle \u2013 Quoi ?Lui \u2013 Qu\u2019il faut attendre.Elle \u2013 Le gouvernement a dit chez vous. (Ils regardent autour d\u2019eux.) On est bien\u2026","rel":"","context":"Dans &quot;En attendant&quot;","block_context":{"text":"En attendant","link":"http:\/\/poulpe-fiction.ch\/index.php\/category\/en-confinement\/en-attendant\/"},"img":{"alt_text":"","src":"","width":0,"height":0},"classes":[]}],"_links":{"self":[{"href":"http:\/\/poulpe-fiction.ch\/index.php\/wp-json\/wp\/v2\/posts\/224"}],"collection":[{"href":"http:\/\/poulpe-fiction.ch\/index.php\/wp-json\/wp\/v2\/posts"}],"about":[{"href":"http:\/\/poulpe-fiction.ch\/index.php\/wp-json\/wp\/v2\/types\/post"}],"author":[{"embeddable":true,"href":"http:\/\/poulpe-fiction.ch\/index.php\/wp-json\/wp\/v2\/users\/1"}],"replies":[{"embeddable":true,"href":"http:\/\/poulpe-fiction.ch\/index.php\/wp-json\/wp\/v2\/comments?post=224"}],"version-history":[{"count":1,"href":"http:\/\/poulpe-fiction.ch\/index.php\/wp-json\/wp\/v2\/posts\/224\/revisions"}],"predecessor-version":[{"id":225,"href":"http:\/\/poulpe-fiction.ch\/index.php\/wp-json\/wp\/v2\/posts\/224\/revisions\/225"}],"wp:attachment":[{"href":"http:\/\/poulpe-fiction.ch\/index.php\/wp-json\/wp\/v2\/media?parent=224"}],"wp:term":[{"taxonomy":"category","embeddable":true,"href":"http:\/\/poulpe-fiction.ch\/index.php\/wp-json\/wp\/v2\/categories?post=224"},{"taxonomy":"post_tag","embeddable":true,"href":"http:\/\/poulpe-fiction.ch\/index.php\/wp-json\/wp\/v2\/tags?post=224"}],"curies":[{"name":"wp","href":"https:\/\/api.w.org\/{rel}","templated":true}]}}