{"id":213,"date":"2020-04-07T15:55:33","date_gmt":"2020-04-07T13:55:33","guid":{"rendered":"http:\/\/poulpe-fiction.ch\/?p=213"},"modified":"2020-04-07T15:55:33","modified_gmt":"2020-04-07T13:55:33","slug":"les-deux-chantal","status":"publish","type":"post","link":"http:\/\/poulpe-fiction.ch\/index.php\/2020\/04\/07\/les-deux-chantal\/","title":{"rendered":"Les deux Chantal"},"content":{"rendered":"\n<p>J\u2019ai deux amies qui me sont ch\u00e8res. Toutes les deux s\u2019appellent Chantal.<\/p>\n\n\n\n<p>Chantal D. est partie avec son mari fin f\u00e9vrier dans une station baln\u00e9aire chic de la C\u00f4te Est des \u00c9tats-Unis.<\/p>\n\n\n\n<p>Son appartement fait face \u00e0 la plage et \u00e0 l\u2019oc\u00e9an.<\/p>\n\n\n\n<p>Aujourd\u2019hui, les plages sont interdites. Ils ne savent pas quand ils pourront rentrer.<\/p>\n\n\n\n<p>Chantal m\u2019a dit que les armuriers ont \u00e9t\u00e9 d\u00e9valis\u00e9s bien avant le papier-cul.<\/p>\n\n\n\n<p>En mai 1970 nous avions dans\u00e9 tout un apr\u00e8s-midi dans ma petite chambre du Grammont 2.<\/p>\n\n\n\n<p>Quand vas-tu te d\u00e9cider \u00e0 parler d\u2019amour\u2026 chantait Sandie Shaw sur mon tourne-disque portatif. Nous dansions sans r\u00e9pit dans la chambre surchauff\u00e9e.<\/p>\n\n\n\n<p>Nous \u00e9tions tellement heureuses.<\/p>\n\n\n\n<p>Le lendemain, Chantal D. avait contract\u00e9 la varicelle. Elle avait treize ans et je n\u2019ai pas pu la voir pendant trois semaines.<\/p>\n\n\n\n<div style=\"height:100px\" aria-hidden=\"true\" class=\"wp-block-spacer\"><\/div>\n\n\n\n<p>Chantal B. habite depuis deux ans avec son deuxi\u00e8me mari \u00e0 Montpellier.<\/p>\n\n\n\n<p>Leur appartement fait face \u00e0 la grande poste et leur rue porte le joli nom de Rondelet.<\/p>\n\n\n\n<p>Aujourd\u2019hui, il y a le couvre-feu \u00e0 Montpellier. Chantal et D. lisent beaucoup.<\/p>\n\n\n\n<p>J\u2019ai connu Chantal B. dans un petit village c\u00e9venol. Nous venions d\u2019y acheter une bergerie.&nbsp;<\/p>\n\n\n\n<p>Elle vivait dans un grand mas avec R. et leur petit gar\u00e7on de 2 ans.&nbsp;<\/p>\n\n\n\n<p>L\u2019\u00e9t\u00e9 suivant, en 1985, elle a eu un second fils et c\u2019est le premier b\u00e9b\u00e9 que j\u2019ai tenu dans mes bras.<\/p>\n\n\n\n<p>Sur la photo, on me voit assise au bord du Gardon avec le petit C. tout serr\u00e9 contre moi.<\/p>\n\n\n\n<div style=\"height:51px\" aria-hidden=\"true\" class=\"wp-block-spacer\"><\/div>\n\n\n\n<p><em>Carine B.<\/em><\/p>\n","protected":false},"excerpt":{"rendered":"<p>J\u2019ai deux amies qui me sont ch\u00e8res. Toutes les deux s\u2019appellent Chantal. Chantal D. est partie avec son mari fin f\u00e9vrier dans une station baln\u00e9aire chic de la C\u00f4te Est des \u00c9tats-Unis. Son appartement fait face \u00e0 la plage et \u00e0 l\u2019oc\u00e9an. Aujourd\u2019hui, les plages sont interdites. Ils ne savent pas quand ils pourront rentrer. [&hellip;]<\/p>\n","protected":false},"author":1,"featured_media":0,"comment_status":"closed","ping_status":"closed","sticky":false,"template":"","format":"standard","meta":{"_themeisle_gutenberg_block_has_review":false,"jetpack_post_was_ever_published":false,"_jetpack_newsletter_access":"","_jetpack_newsletter_tier_id":0,"footnotes":"","jetpack_publicize_message":"","jetpack_is_tweetstorm":false,"jetpack_publicize_feature_enabled":true,"jetpack_social_post_already_shared":true,"jetpack_social_options":{"image_generator_settings":{"template":"highway","enabled":false}}},"categories":[3],"tags":[7],"jetpack_publicize_connections":[],"jetpack_featured_media_url":"","jetpack_sharing_enabled":true,"jetpack_shortlink":"https:\/\/wp.me\/p94276-3r","jetpack-related-posts":[{"id":256,"url":"http:\/\/poulpe-fiction.ch\/index.php\/2020\/04\/16\/rencontre-au-continental\/","url_meta":{"origin":213,"position":0},"title":"Rencontre au Continental","author":"admin9166","date":"16 avril 2020","format":false,"excerpt":"Avec P., chaque soir, nous tentons de rattraper les dix mille pas en parcourant le quartier. Hier nous nous baladions aux Faverges quand P. reconna\u00eet un immeuble et me dit : - C\u2019est l\u00e0 qu\u2019habite Virginia, au rez-de-chauss\u00e9e avec le balcon. Et nous apercevons effectivement une petite dame \u00e2g\u00e9e qui\u2026","rel":"","context":"Dans &quot;En confinement&quot;","block_context":{"text":"En confinement","link":"http:\/\/poulpe-fiction.ch\/index.php\/category\/en-confinement\/"},"img":{"alt_text":"","src":"","width":0,"height":0},"classes":[]},{"id":287,"url":"http:\/\/poulpe-fiction.ch\/index.php\/2020\/04\/23\/tronc-lecon-de-seduction-2\/","url_meta":{"origin":213,"position":1},"title":"Tronc &#8211; le\u00e7on de s\u00e9duction #2","author":"admin9166","date":"23 avril 2020","format":false,"excerpt":"Avec une extr\u00eame tendresse (on dit bienveillance de nos jours) le voisin de mon beau-p\u00e8re le transforme en tronc. Deux semaines apr\u00e8s ses quatre-vingt-dix ans, R comprend imm\u00e9diatement comment valoriser un tronc de vieillard (on dit grand vieillard de nos jours). Ainsi son voisin le rase, lui coupe les cheveux,\u2026","rel":"","context":"Dans &quot;En confinement&quot;","block_context":{"text":"En confinement","link":"http:\/\/poulpe-fiction.ch\/index.php\/category\/en-confinement\/"},"img":{"alt_text":"","src":"","width":0,"height":0},"classes":[]},{"id":215,"url":"http:\/\/poulpe-fiction.ch\/index.php\/2020\/04\/07\/mon-printemps-confine\/","url_meta":{"origin":213,"position":2},"title":"Mon printemps confin\u00e9","author":"admin9166","date":"7 avril 2020","format":false,"excerpt":"Assis sur une chaise longue dans mon jardin, je vis le confinement en ce d\u00e9but de printemps. Le temps que j\u2019ai \u00e0 disposition ne me semble pas du tout long, j\u2019ai plein de choses \u00e0 faire comme compter les brins d\u2019herbe de ma pelouse\u00a0: Un brin, deux brins, trois brins\u2026\u2026","rel":"","context":"Dans &quot;En confinement&quot;","block_context":{"text":"En confinement","link":"http:\/\/poulpe-fiction.ch\/index.php\/category\/en-confinement\/"},"img":{"alt_text":"","src":"","width":0,"height":0},"classes":[]},{"id":291,"url":"http:\/\/poulpe-fiction.ch\/index.php\/2020\/04\/24\/nous-avons-fait-de-nos-interieurs-des-ilots-daventures\/","url_meta":{"origin":213,"position":3},"title":"Nous avons fait de nos int\u00e9rieurs des ilots d\u2019aventures","author":"admin9166","date":"24 avril 2020","format":false,"excerpt":"Nous avons fait de nos int\u00e9rieurs des ilots d\u2019aventures. Priv\u00e9s des oc\u00e9ans, nous avons jet\u00e9 l\u2019encre sur nos plages. L\u2019horizon ne nous a pas \u00e9t\u00e9 enlev\u00e9 mais c\u2019est depuis nos fen\u00eatres que nous l\u2019explorons. Nos outils de navigations sont rest\u00e9s aux tiroirs et les cartes ont chang\u00e9. La grande voile\u2026","rel":"","context":"Dans &quot;En confinement&quot;","block_context":{"text":"En confinement","link":"http:\/\/poulpe-fiction.ch\/index.php\/category\/en-confinement\/"},"img":{"alt_text":"","src":"","width":0,"height":0},"classes":[]},{"id":205,"url":"http:\/\/poulpe-fiction.ch\/index.php\/2020\/04\/05\/le-garage\/","url_meta":{"origin":213,"position":4},"title":"Le garage","author":"admin9166","date":"5 avril 2020","format":false,"excerpt":"D\u2019abord il rappelle l\u2019histoire. Celle d\u2019un r\u00eave vite \u00e9puis\u00e9 de faire ensemble et de partager l\u2019espace. S\u00e9par\u00e9 en deux originellement par ses deux portes et par l\u2019estrade de l\u2019\u00e9tage sup\u00e9rieur, ce sont nos d\u00e9sirs et nos peines qui le divisent aujourd\u2019hui. Chacun respecte la fonction et l\u2019espace qui a \u00e9t\u00e9\u2026","rel":"","context":"Dans &quot;En confinement&quot;","block_context":{"text":"En confinement","link":"http:\/\/poulpe-fiction.ch\/index.php\/category\/en-confinement\/"},"img":{"alt_text":"","src":"","width":0,"height":0},"classes":[]},{"id":164,"url":"http:\/\/poulpe-fiction.ch\/index.php\/2020\/04\/01\/je-reste-a-regarder-le-temps-2\/","url_meta":{"origin":213,"position":5},"title":"Je reste \u00e0 regarder le temps #2","author":"admin9166","date":"1 avril 2020","format":false,"excerpt":"Quand je reste \u00e0 regarder le temps, tr\u00e8s vite le temps \u2013 qui lui ne reste pas \u2013 m\u2019angoisse. Il me faut faire quelque chose. Je suis confin\u00e9e chez moi, l\u2019\u00e9cole o\u00f9 j\u2019enseigne est ferm\u00e9e et je n\u2019ai aucune famille \u00e0 charge, et pourtant il y a trop de choses\u2026","rel":"","context":"Dans &quot;En confinement&quot;","block_context":{"text":"En confinement","link":"http:\/\/poulpe-fiction.ch\/index.php\/category\/en-confinement\/"},"img":{"alt_text":"","src":"","width":0,"height":0},"classes":[]}],"_links":{"self":[{"href":"http:\/\/poulpe-fiction.ch\/index.php\/wp-json\/wp\/v2\/posts\/213"}],"collection":[{"href":"http:\/\/poulpe-fiction.ch\/index.php\/wp-json\/wp\/v2\/posts"}],"about":[{"href":"http:\/\/poulpe-fiction.ch\/index.php\/wp-json\/wp\/v2\/types\/post"}],"author":[{"embeddable":true,"href":"http:\/\/poulpe-fiction.ch\/index.php\/wp-json\/wp\/v2\/users\/1"}],"replies":[{"embeddable":true,"href":"http:\/\/poulpe-fiction.ch\/index.php\/wp-json\/wp\/v2\/comments?post=213"}],"version-history":[{"count":1,"href":"http:\/\/poulpe-fiction.ch\/index.php\/wp-json\/wp\/v2\/posts\/213\/revisions"}],"predecessor-version":[{"id":214,"href":"http:\/\/poulpe-fiction.ch\/index.php\/wp-json\/wp\/v2\/posts\/213\/revisions\/214"}],"wp:attachment":[{"href":"http:\/\/poulpe-fiction.ch\/index.php\/wp-json\/wp\/v2\/media?parent=213"}],"wp:term":[{"taxonomy":"category","embeddable":true,"href":"http:\/\/poulpe-fiction.ch\/index.php\/wp-json\/wp\/v2\/categories?post=213"},{"taxonomy":"post_tag","embeddable":true,"href":"http:\/\/poulpe-fiction.ch\/index.php\/wp-json\/wp\/v2\/tags?post=213"}],"curies":[{"name":"wp","href":"https:\/\/api.w.org\/{rel}","templated":true}]}}