{"id":209,"date":"2020-04-05T18:36:15","date_gmt":"2020-04-05T16:36:15","guid":{"rendered":"http:\/\/poulpe-fiction.ch\/?p=209"},"modified":"2020-04-05T18:36:15","modified_gmt":"2020-04-05T16:36:15","slug":"les-heures-2","status":"publish","type":"post","link":"http:\/\/poulpe-fiction.ch\/index.php\/2020\/04\/05\/les-heures-2\/","title":{"rendered":"Les heures #2"},"content":{"rendered":"\n<p>L\u2019heure du r\u00e9veil des sensations, bien avant celles d\u2019ouvrir les yeux<\/p>\n\n\n\n<p>L\u2019heure du premier sourire, des mains enchant\u00e9es et du plaisir d\u2019\u00eatre \u00e0 deux<\/p>\n\n\n\n<p>L\u2019heure o\u00f9 on ne se souvient pas encore de la veille&nbsp;<\/p>\n\n\n\n<p>L\u2019heure des chor\u00e9graphies du matin et des notes d\u2019instruments de caf\u00e9<\/p>\n\n\n\n<p>L\u2019heure des aurevoirs \u00e0 nos d\u00e9sirs inconscients tout juste devin\u00e9s<\/p>\n\n\n\n<p>L\u2019heure o\u00f9 on a encore le temps de ne pas faire<\/p>\n\n\n\n<p>L\u2019heure des id\u00e9es nouvelles et du choix de caract\u00e8re<\/p>\n\n\n\n<p>L\u2019heure des d\u00e9tails qui comptent et de l\u2019horizon qui donne l\u2019humeur<\/p>\n\n\n\n<p>L\u2019heure o\u00f9 il fait bon de t\u2019aimer et de d\u00e9cider ensemble<\/p>\n\n\n\n<div style=\"height:44px\" aria-hidden=\"true\" class=\"wp-block-spacer\"><\/div>\n\n\n\n<p><em>Antoine T.<\/em><\/p>\n","protected":false},"excerpt":{"rendered":"<p>L\u2019heure du r\u00e9veil des sensations, bien avant celles d\u2019ouvrir les yeux L\u2019heure du premier sourire, des mains enchant\u00e9es et du plaisir d\u2019\u00eatre \u00e0 deux L\u2019heure o\u00f9 on ne se souvient pas encore de la veille&nbsp; L\u2019heure des chor\u00e9graphies du matin et des notes d\u2019instruments de caf\u00e9 L\u2019heure des aurevoirs \u00e0 nos d\u00e9sirs inconscients tout juste [&hellip;]<\/p>\n","protected":false},"author":1,"featured_media":0,"comment_status":"closed","ping_status":"closed","sticky":false,"template":"","format":"standard","meta":{"_themeisle_gutenberg_block_has_review":false,"jetpack_post_was_ever_published":false,"_jetpack_newsletter_access":"","_jetpack_newsletter_tier_id":0,"footnotes":"","jetpack_publicize_message":"","jetpack_is_tweetstorm":false,"jetpack_publicize_feature_enabled":true,"jetpack_social_post_already_shared":true,"jetpack_social_options":{"image_generator_settings":{"template":"highway","enabled":false}}},"categories":[3,15],"tags":[7,16],"jetpack_publicize_connections":[],"jetpack_featured_media_url":"","jetpack_sharing_enabled":true,"jetpack_shortlink":"https:\/\/wp.me\/p94276-3n","jetpack-related-posts":[{"id":166,"url":"http:\/\/poulpe-fiction.ch\/index.php\/2020\/04\/02\/les-heures\/","url_meta":{"origin":209,"position":0},"title":"Les heures","author":"admin9166","date":"2 avril 2020","format":false,"excerpt":"L\u2019heure du r\u00e9veil qui sauve des r\u00eaves angoissantsL\u2019heure de se pr\u00e9parer comme pour sortirL\u2019heure de r\u00e9pondre aux emailsLes heures de l\u2019ordinateurL\u2019heure de la saladeL\u2019heure de prendre l\u2019air (et de se d\u00e9sinfecter cinq fois les mains)L\u2019heure d\u2019apprendre \u00e0 faire une pompeL\u2019heure des nouvelles atterrantesL\u2019heure de d\u00e9couvrir une \u0153uvre, une id\u00e9e, un\u2026","rel":"","context":"Dans &quot;En confinement&quot;","block_context":{"text":"En confinement","link":"http:\/\/poulpe-fiction.ch\/index.php\/category\/en-confinement\/"},"img":{"alt_text":"","src":"","width":0,"height":0},"classes":[]},{"id":222,"url":"http:\/\/poulpe-fiction.ch\/index.php\/2020\/04\/10\/les-heures-4\/","url_meta":{"origin":209,"position":1},"title":"Les heures #4","author":"admin9166","date":"10 avril 2020","format":false,"excerpt":"L\u2019heure de notre combat collectif: la vie L\u2019heure d\u2019\u00eatre ensemble ca fait du bien m\u00eame quand il pleut L\u2019heure de l\u2019ouverture de ses yeux coll\u00e9s chaque matin\u00a0 L\u2019heure de nos corps en joie frissonnants L\u2019heure de cette odeur, la m\u00e9sange avec laquelle je bois mon caf\u00e9\u00a0 L\u2019heure de se r\u00e9inventer\u00a0\u2026","rel":"","context":"Dans &quot;En confinement&quot;","block_context":{"text":"En confinement","link":"http:\/\/poulpe-fiction.ch\/index.php\/category\/en-confinement\/"},"img":{"alt_text":"","src":"","width":0,"height":0},"classes":[]},{"id":220,"url":"http:\/\/poulpe-fiction.ch\/index.php\/2020\/04\/10\/les-heures-3\/","url_meta":{"origin":209,"position":2},"title":"Les heures #3","author":"admin9166","date":"10 avril 2020","format":false,"excerpt":"Il est l'heure de respirer,\u00a0Au petit matin\u00a0Il est l'heure de laisser venir les pleursIl est l'heure de laisser surgir la peurEt dans le grand mouvement d'aileNoireDe la pie qui s'envoleL'oeil curieux\u00a0Il est l'heure de laisser vivre l'espoir\u00a0 No\u00ebllie G.","rel":"","context":"Dans &quot;En confinement&quot;","block_context":{"text":"En confinement","link":"http:\/\/poulpe-fiction.ch\/index.php\/category\/en-confinement\/"},"img":{"alt_text":"","src":"","width":0,"height":0},"classes":[]},{"id":246,"url":"http:\/\/poulpe-fiction.ch\/index.php\/2020\/04\/13\/les-heures-5\/","url_meta":{"origin":209,"position":3},"title":"Les heures #5","author":"admin9166","date":"13 avril 2020","format":false,"excerpt":"L\u2019heure du r\u00e9veil qui sonne aux alentours de 7h30.L\u2019heure de la douche.L\u2019heure de l\u2019odeur du caf\u00e9 bien chaud qui arrive \u00e0 mes narines.L\u2019heure de partir au travail.L\u2019heure du petit-d\u00e9jeuner.L\u2019heure de la s\u00e9ance quotidienne.L\u2019heure du repas de midi, toujours \u00e0 13h.L\u2019heure du second caf\u00e9 de la journ\u00e9e, au troisi\u00e8me selon l\u2019humeur.L\u2019heure\u2026","rel":"","context":"Dans &quot;En confinement&quot;","block_context":{"text":"En confinement","link":"http:\/\/poulpe-fiction.ch\/index.php\/category\/en-confinement\/"},"img":{"alt_text":"","src":"","width":0,"height":0},"classes":[]},{"id":187,"url":"http:\/\/poulpe-fiction.ch\/index.php\/2020\/04\/03\/lheure-de-la-femme-tronc\/","url_meta":{"origin":209,"position":4},"title":"L&rsquo;heure de la femme tronc","author":"admin9166","date":"3 avril 2020","format":false,"excerpt":"L\u2019heure du r\u00e9veil La femme tronc se l\u00e8ve plus tard que d\u2019habitude. Pas de souci - elle a le temps car il suffit de laver, maquiller et d\u2019habiller le tronc. Dix pas et la femme tronc rejoint son \u00e9cran pour l'heure professionnelle La femme tronc a de la peine \u00e0\u2026","rel":"","context":"Dans &quot;En confinement&quot;","block_context":{"text":"En confinement","link":"http:\/\/poulpe-fiction.ch\/index.php\/category\/en-confinement\/"},"img":{"alt_text":"","src":"","width":0,"height":0},"classes":[]},{"id":196,"url":"http:\/\/poulpe-fiction.ch\/index.php\/2020\/04\/22\/lheure-de-sortie\/","url_meta":{"origin":209,"position":5},"title":"L&rsquo;heure de sortie","author":"admin9166","date":"22 avril 2020","format":false,"excerpt":"C\u2019est l\u2019heure de sortie pour le petit gar\u00e7on du 3\u00e8me. Il a quatre ans et tous les apr\u00e8s-midis entre 15h et 16h il joue dans la cour. Sa grand-m\u00e8re le surveille\u00a0: elle profite pour faire quelques exercices avec les bras, histoire de garder la forme. Elle mime la gestuelle convenue\u2026","rel":"","context":"Dans &quot;En confinement&quot;","block_context":{"text":"En confinement","link":"http:\/\/poulpe-fiction.ch\/index.php\/category\/en-confinement\/"},"img":{"alt_text":"","src":"","width":0,"height":0},"classes":[]}],"_links":{"self":[{"href":"http:\/\/poulpe-fiction.ch\/index.php\/wp-json\/wp\/v2\/posts\/209"}],"collection":[{"href":"http:\/\/poulpe-fiction.ch\/index.php\/wp-json\/wp\/v2\/posts"}],"about":[{"href":"http:\/\/poulpe-fiction.ch\/index.php\/wp-json\/wp\/v2\/types\/post"}],"author":[{"embeddable":true,"href":"http:\/\/poulpe-fiction.ch\/index.php\/wp-json\/wp\/v2\/users\/1"}],"replies":[{"embeddable":true,"href":"http:\/\/poulpe-fiction.ch\/index.php\/wp-json\/wp\/v2\/comments?post=209"}],"version-history":[{"count":1,"href":"http:\/\/poulpe-fiction.ch\/index.php\/wp-json\/wp\/v2\/posts\/209\/revisions"}],"predecessor-version":[{"id":210,"href":"http:\/\/poulpe-fiction.ch\/index.php\/wp-json\/wp\/v2\/posts\/209\/revisions\/210"}],"wp:attachment":[{"href":"http:\/\/poulpe-fiction.ch\/index.php\/wp-json\/wp\/v2\/media?parent=209"}],"wp:term":[{"taxonomy":"category","embeddable":true,"href":"http:\/\/poulpe-fiction.ch\/index.php\/wp-json\/wp\/v2\/categories?post=209"},{"taxonomy":"post_tag","embeddable":true,"href":"http:\/\/poulpe-fiction.ch\/index.php\/wp-json\/wp\/v2\/tags?post=209"}],"curies":[{"name":"wp","href":"https:\/\/api.w.org\/{rel}","templated":true}]}}