{"id":162,"date":"2020-04-02T10:00:00","date_gmt":"2020-04-02T08:00:00","guid":{"rendered":"http:\/\/poulpe-fiction.ch\/?p=162"},"modified":"2020-04-03T16:49:53","modified_gmt":"2020-04-03T14:49:53","slug":"je-reste-a-regarder-le-temps-1","status":"publish","type":"post","link":"http:\/\/poulpe-fiction.ch\/index.php\/2020\/04\/02\/je-reste-a-regarder-le-temps-1\/","title":{"rendered":"Je reste \u00e0 regarder le temps #1"},"content":{"rendered":"<p>Je reste \u00e0 regarder le temps<br \/>\nQui s&rsquo;\u00e9goutte \u00e0 la plainte du vent,<br \/>\nLes secondes, les minutes, les heures,<br \/>\nS&rsquo;\u00e9gr\u00e8nent sans tic-tac,<br \/>\nMais avec le r\u00eave en point de mire,<br \/>\nEt mes pens\u00e9es vagabondent,<br \/>\nAu rythme de ma respiration,<br \/>\nProjeter \u00e0 l&rsquo;horizon mes d\u00e9sirs,<br \/>\nAussi loin que le temps les emportera,<br \/>\nTout doucement revenir sur mes pas,<br \/>\nReprendre conscience de la r\u00e9alit\u00e9,<br \/>\nDu temps pr\u00e9sent,<br \/>\nEt le regarder s&rsquo;effiler&#8230;<\/p>\n<p>&nbsp;<br \/>\n<em>Genevi\u00e8ve J.<\/em><\/p>\n","protected":false},"excerpt":{"rendered":"<p>Je reste \u00e0 regarder le temps Qui s&rsquo;\u00e9goutte \u00e0 la plainte du vent, Les secondes, les minutes, les heures, S&rsquo;\u00e9gr\u00e8nent sans tic-tac, Mais avec le r\u00eave en point de mire, Et mes pens\u00e9es vagabondent, Au rythme de ma respiration, Projeter \u00e0 l&rsquo;horizon mes d\u00e9sirs, Aussi loin que le temps les emportera, Tout doucement revenir sur [&hellip;]<\/p>\n","protected":false},"author":1,"featured_media":0,"comment_status":"closed","ping_status":"closed","sticky":false,"template":"","format":"standard","meta":{"_themeisle_gutenberg_block_has_review":false,"jetpack_post_was_ever_published":false,"_jetpack_newsletter_access":"","_jetpack_newsletter_tier_id":0,"footnotes":"","jetpack_publicize_message":"","jetpack_is_tweetstorm":false,"jetpack_publicize_feature_enabled":true,"jetpack_social_post_already_shared":true,"jetpack_social_options":{"image_generator_settings":{"template":"highway","enabled":false}}},"categories":[3,13],"tags":[7,14],"jetpack_publicize_connections":[],"jetpack_featured_media_url":"","jetpack_sharing_enabled":true,"jetpack_shortlink":"https:\/\/wp.me\/p94276-2C","jetpack-related-posts":[{"id":164,"url":"http:\/\/poulpe-fiction.ch\/index.php\/2020\/04\/01\/je-reste-a-regarder-le-temps-2\/","url_meta":{"origin":162,"position":0},"title":"Je reste \u00e0 regarder le temps #2","author":"admin9166","date":"1 avril 2020","format":false,"excerpt":"Quand je reste \u00e0 regarder le temps, tr\u00e8s vite le temps \u2013 qui lui ne reste pas \u2013 m\u2019angoisse. Il me faut faire quelque chose. Je suis confin\u00e9e chez moi, l\u2019\u00e9cole o\u00f9 j\u2019enseigne est ferm\u00e9e et je n\u2019ai aucune famille \u00e0 charge, et pourtant il y a trop de choses\u2026","rel":"","context":"Dans &quot;En confinement&quot;","block_context":{"text":"En confinement","link":"http:\/\/poulpe-fiction.ch\/index.php\/category\/en-confinement\/"},"img":{"alt_text":"","src":"","width":0,"height":0},"classes":[]},{"id":243,"url":"http:\/\/poulpe-fiction.ch\/index.php\/2020\/04\/14\/je-reste-a-regarder-le-temps-2-2\/","url_meta":{"origin":162,"position":1},"title":"Je reste \u00e0 regarder le temps #2","author":"admin9166","date":"14 avril 2020","format":false,"excerpt":"Je reste \u00e0 regarder le temps qui passe, le soleil qui se l\u00e8ve chaque matin quelques minutes plus t\u00f4t signe que les journ\u00e9es s\u2019allongent, que le temps des chaudes soir\u00e9es d\u2019\u00e9t\u00e9 arrive bient\u00f4t, promesse de barbecues entre amis \u00e0 rire aux \u00e9clats sur des sujets divers et vari\u00e9s, du ros\u00e9\u2026","rel":"","context":"Dans &quot;En confinement&quot;","block_context":{"text":"En confinement","link":"http:\/\/poulpe-fiction.ch\/index.php\/category\/en-confinement\/"},"img":{"alt_text":"","src":"","width":0,"height":0},"classes":[]},{"id":112,"url":"http:\/\/poulpe-fiction.ch\/index.php\/2020\/03\/30\/choses-qui-sont-differentes-quand-on-est-confine\/","url_meta":{"origin":162,"position":2},"title":"Choses qui sont diff\u00e9rentes quand on est confin\u00e9","author":"admin9166","date":"30 mars 2020","format":false,"excerpt":"Se r\u00e9inventer, imaginer un autre quotidien, s'inventer et exp\u00e9rimenter ce nouveau quotidien Observer ses voisins, \u00e9couter les chiens seuls occupants des rues, attendre le chant des oiseaux (en particulier la tourterelle sur le cerisier qui roucoule \u00e0 la recherche de sa partenaire?) Dormir plus longtemps, raconter ses r\u00eaves tranquillement sans\u2026","rel":"","context":"Dans &quot;Choses qui&quot;","block_context":{"text":"Choses qui","link":"http:\/\/poulpe-fiction.ch\/index.php\/category\/en-confinement\/choses-qui\/"},"img":{"alt_text":"","src":"","width":0,"height":0},"classes":[]},{"id":274,"url":"http:\/\/poulpe-fiction.ch\/index.php\/2020\/04\/22\/choses-quon-veut-faire-apres-le-confinement\/","url_meta":{"origin":162,"position":3},"title":"Choses qu&rsquo;on veut faire apr\u00e8s le confinement","author":"admin9166","date":"22 avril 2020","format":false,"excerpt":"Un grand repas dans le jardin familial Serrer ses proches dans ses bras Une grillade avec les amis Aller ensemble quelque part (ailleurs) La tourn\u00e9e des terrasses\u00a0 Reprendre la grimpe Un voyage en train Baignade et bronzette sur la pelouse de Cully ou de Paudex Choses qu\u2019on ne veut plus\u2026","rel":"","context":"Dans &quot;Choses qui&quot;","block_context":{"text":"Choses qui","link":"http:\/\/poulpe-fiction.ch\/index.php\/category\/en-confinement\/choses-qui\/"},"img":{"alt_text":"","src":"","width":0,"height":0},"classes":[]},{"id":250,"url":"http:\/\/poulpe-fiction.ch\/index.php\/2020\/04\/17\/je-naime-pas\/","url_meta":{"origin":162,"position":4},"title":"Je n&rsquo;aime pas","author":"admin9166","date":"17 avril 2020","format":false,"excerpt":"Je n\u2019aime pas\u00a0: les gens qui se plaignent tout le temps et ne voyant pas que c\u2019est peut-\u00eatre eux le probl\u00e8me et pas la soci\u00e9t\u00e9 qui les entoure, les gens qui ne prennent pas soin d\u2019eux, les agressifs, les malhonn\u00eates, les gens mauvais qui aiment \u00eatres mauvais, les mauvaises habitudes,\u2026","rel":"","context":"Dans &quot;En confinement&quot;","block_context":{"text":"En confinement","link":"http:\/\/poulpe-fiction.ch\/index.php\/category\/en-confinement\/"},"img":{"alt_text":"","src":"","width":0,"height":0},"classes":[]},{"id":246,"url":"http:\/\/poulpe-fiction.ch\/index.php\/2020\/04\/13\/les-heures-5\/","url_meta":{"origin":162,"position":5},"title":"Les heures #5","author":"admin9166","date":"13 avril 2020","format":false,"excerpt":"L\u2019heure du r\u00e9veil qui sonne aux alentours de 7h30.L\u2019heure de la douche.L\u2019heure de l\u2019odeur du caf\u00e9 bien chaud qui arrive \u00e0 mes narines.L\u2019heure de partir au travail.L\u2019heure du petit-d\u00e9jeuner.L\u2019heure de la s\u00e9ance quotidienne.L\u2019heure du repas de midi, toujours \u00e0 13h.L\u2019heure du second caf\u00e9 de la journ\u00e9e, au troisi\u00e8me selon l\u2019humeur.L\u2019heure\u2026","rel":"","context":"Dans &quot;En confinement&quot;","block_context":{"text":"En confinement","link":"http:\/\/poulpe-fiction.ch\/index.php\/category\/en-confinement\/"},"img":{"alt_text":"","src":"","width":0,"height":0},"classes":[]}],"_links":{"self":[{"href":"http:\/\/poulpe-fiction.ch\/index.php\/wp-json\/wp\/v2\/posts\/162"}],"collection":[{"href":"http:\/\/poulpe-fiction.ch\/index.php\/wp-json\/wp\/v2\/posts"}],"about":[{"href":"http:\/\/poulpe-fiction.ch\/index.php\/wp-json\/wp\/v2\/types\/post"}],"author":[{"embeddable":true,"href":"http:\/\/poulpe-fiction.ch\/index.php\/wp-json\/wp\/v2\/users\/1"}],"replies":[{"embeddable":true,"href":"http:\/\/poulpe-fiction.ch\/index.php\/wp-json\/wp\/v2\/comments?post=162"}],"version-history":[{"count":2,"href":"http:\/\/poulpe-fiction.ch\/index.php\/wp-json\/wp\/v2\/posts\/162\/revisions"}],"predecessor-version":[{"id":185,"href":"http:\/\/poulpe-fiction.ch\/index.php\/wp-json\/wp\/v2\/posts\/162\/revisions\/185"}],"wp:attachment":[{"href":"http:\/\/poulpe-fiction.ch\/index.php\/wp-json\/wp\/v2\/media?parent=162"}],"wp:term":[{"taxonomy":"category","embeddable":true,"href":"http:\/\/poulpe-fiction.ch\/index.php\/wp-json\/wp\/v2\/categories?post=162"},{"taxonomy":"post_tag","embeddable":true,"href":"http:\/\/poulpe-fiction.ch\/index.php\/wp-json\/wp\/v2\/tags?post=162"}],"curies":[{"name":"wp","href":"https:\/\/api.w.org\/{rel}","templated":true}]}}