{"id":114,"date":"2020-03-30T09:48:18","date_gmt":"2020-03-30T07:48:18","guid":{"rendered":"http:\/\/poulpe-fiction.ch\/?p=114"},"modified":"2020-04-03T16:49:55","modified_gmt":"2020-04-03T14:49:55","slug":"choses-qui-font-peur","status":"publish","type":"post","link":"http:\/\/poulpe-fiction.ch\/index.php\/2020\/03\/30\/choses-qui-font-peur\/","title":{"rendered":"Choses qui font peur"},"content":{"rendered":"<p>&nbsp;<br \/>\n\u00catre loin de ses proches ou plut\u00f4t des gens que l&rsquo;on aime<br \/>\nEt apr\u00e8s?<br \/>\nL&rsquo;arm\u00e9e dans les rues<br \/>\nLa peur des autres<br \/>\n&nbsp;<br \/>\n<em>Ania G.<\/em><\/p>\n<p>La mort (un peu plus que d\u2019habitude)<br \/>\nLes cons\u00e9quences sociales, politiques et \u00e9conomiques<br \/>\nLa perspective de l\u2019annulation de l\u2019ann\u00e9e scolaire<br \/>\nTransmettre la maladie et \u00eatre responsable de la souffrance des autres<br \/>\n&nbsp;<br \/>\n<em>Louise B.<\/em><\/p>\n<p>&nbsp;<br \/>\nQuand va-t-on sortir de ce confinement ?<br \/>\nVais-je perdre des \u00eatres aim\u00e9s ?<br \/>\nVais-je revoir mon grand-papa en vrai ?<br \/>\nLes choses vont-elles mal tourner pour moi ?<br \/>\nComment seront les gens en sortant de cette crise ?<br \/>\nLe monde va-t-il s\u2019en remettre et pourra-t-on toujours faire les m\u00eames choses ?<br \/>\nVais-je pouvoir toujours aller dans certains de mes endroits favoris ou seront-il ferm\u00e9s ?<br \/>\n&nbsp;<br \/>\n<em>Matthieu J.<\/em><\/p>\n","protected":false},"excerpt":{"rendered":"<p>&nbsp; \u00catre loin de ses proches ou plut\u00f4t des gens que l&rsquo;on aime Et apr\u00e8s? L&rsquo;arm\u00e9e dans les rues La peur des autres &nbsp; Ania G. La mort (un peu plus que d\u2019habitude) Les cons\u00e9quences sociales, politiques et \u00e9conomiques La perspective de l\u2019annulation de l\u2019ann\u00e9e scolaire Transmettre la maladie et \u00eatre responsable de la souffrance [&hellip;]<\/p>\n","protected":false},"author":1,"featured_media":0,"comment_status":"closed","ping_status":"closed","sticky":false,"template":"","format":"standard","meta":{"_themeisle_gutenberg_block_has_review":false,"jetpack_post_was_ever_published":false,"_jetpack_newsletter_access":"","_jetpack_newsletter_tier_id":0,"footnotes":"","jetpack_publicize_message":"","jetpack_is_tweetstorm":false,"jetpack_publicize_feature_enabled":true,"jetpack_social_post_already_shared":true,"jetpack_social_options":{"image_generator_settings":{"template":"highway","enabled":false}}},"categories":[1,3],"tags":[9,7],"jetpack_publicize_connections":[],"jetpack_featured_media_url":"","jetpack_sharing_enabled":true,"jetpack_shortlink":"https:\/\/wp.me\/p94276-1Q","jetpack-related-posts":[{"id":136,"url":"http:\/\/poulpe-fiction.ch\/index.php\/2020\/03\/30\/choses-qui-sont-les-memes-quand-on-est-confine\/","url_meta":{"origin":114,"position":0},"title":"Choses qui sont les m\u00eames quand on est confin\u00e9","author":"admin9166","date":"30 mars 2020","format":false,"excerpt":"Faire l'amour, avoir soif, avoir faim, se laver, se soulager, rire, pleurer Mes peurs, mes doutes et mes questions incessantes Les gens que j'aime ou peut-\u00eatre ne sont-ils plus les m\u00eames? Le go\u00fbt du caf\u00e9 La pluie \u00a0 Ania G.","rel":"","context":"Dans &quot;Choses qui&quot;","block_context":{"text":"Choses qui","link":"http:\/\/poulpe-fiction.ch\/index.php\/category\/en-confinement\/choses-qui\/"},"img":{"alt_text":"","src":"","width":0,"height":0},"classes":[]},{"id":106,"url":"http:\/\/poulpe-fiction.ch\/index.php\/2020\/03\/29\/les-choses-qui-nous-fachent\/","url_meta":{"origin":114,"position":1},"title":"Choses qui nous f\u00e2chent","author":"admin9166","date":"29 mars 2020","format":false,"excerpt":"La b\u00eatise des gens, surtout ceux qui ne pensent pas aux autres en d\u00e9valisant les magasins Le fait qu\u2019on ne parle que des morts Les gens qui ne font pas attention aux mesures de s\u00e9curit\u00e9 indispensables Voir le nombre de personnes dehors chaque fois que je prends ma voiture pour\u2026","rel":"","context":"Dans &quot;Choses qui&quot;","block_context":{"text":"Choses qui","link":"http:\/\/poulpe-fiction.ch\/index.php\/category\/en-confinement\/choses-qui\/"},"img":{"alt_text":"","src":"","width":0,"height":0},"classes":[]},{"id":202,"url":"http:\/\/poulpe-fiction.ch\/index.php\/2020\/04\/05\/en-attendant-devant-la-migros\/","url_meta":{"origin":114,"position":2},"title":"En attendant devant la Migros","author":"admin9166","date":"5 avril 2020","format":false,"excerpt":"X.\u00a0Tu es s\u00fbr que c\u2019est ici\u00a0? Y.\u00a0Quoi\u00a0? X. Qu\u2019il faut attendre. On m\u2019a dit d\u2019attendre devant l\u2019arbre,\u00a0y en a-t-il un autre? Y.\u00a0\u00a0Un autre arbre\u00a0? Non, il n\u2019y en a pas d\u2019autre. X. Merci.\u00a0 (un temps ) X. Quel est ton nom\u00a0? Y. Elle m\u2019a appel\u00e9 Vladimir, en souvenir d\u2019un oncle\u2026","rel":"","context":"Dans &quot;En attendant&quot;","block_context":{"text":"En attendant","link":"http:\/\/poulpe-fiction.ch\/index.php\/category\/en-confinement\/en-attendant\/"},"img":{"alt_text":"","src":"","width":0,"height":0},"classes":[]},{"id":250,"url":"http:\/\/poulpe-fiction.ch\/index.php\/2020\/04\/17\/je-naime-pas\/","url_meta":{"origin":114,"position":3},"title":"Je n&rsquo;aime pas","author":"admin9166","date":"17 avril 2020","format":false,"excerpt":"Je n\u2019aime pas\u00a0: les gens qui se plaignent tout le temps et ne voyant pas que c\u2019est peut-\u00eatre eux le probl\u00e8me et pas la soci\u00e9t\u00e9 qui les entoure, les gens qui ne prennent pas soin d\u2019eux, les agressifs, les malhonn\u00eates, les gens mauvais qui aiment \u00eatres mauvais, les mauvaises habitudes,\u2026","rel":"","context":"Dans &quot;En confinement&quot;","block_context":{"text":"En confinement","link":"http:\/\/poulpe-fiction.ch\/index.php\/category\/en-confinement\/"},"img":{"alt_text":"","src":"","width":0,"height":0},"classes":[]},{"id":248,"url":"http:\/\/poulpe-fiction.ch\/index.php\/2020\/04\/15\/je-dis-non\/","url_meta":{"origin":114,"position":4},"title":"Je dis NON","author":"admin9166","date":"15 avril 2020","format":false,"excerpt":"Je dis NON \u00e0 cette situation, je dis NON \u00e0 ce virus, je dis NON \u00e0 toutes ces personnes qui meurent, je dis NON au fait que nous ne puissions pas dire un dernier au revoir \u00e0 celles-ci, je dis NON au cons qui ne respectent pas les r\u00e8gles \u00e9tablies,\u2026","rel":"","context":"Dans &quot;En confinement&quot;","block_context":{"text":"En confinement","link":"http:\/\/poulpe-fiction.ch\/index.php\/category\/en-confinement\/"},"img":{"alt_text":"","src":"","width":0,"height":0},"classes":[]},{"id":108,"url":"http:\/\/poulpe-fiction.ch\/index.php\/2020\/03\/29\/les-choses-quon-observe\/","url_meta":{"origin":114,"position":5},"title":"Choses qu&rsquo;on observe","author":"admin9166","date":"29 mars 2020","format":false,"excerpt":"La nature qui reprend le dessus Le ciel bleu sans trace d\u2019avions Comment les gens s\u2019organisent, surtout pour aider les autres \u00a0 Matthieu J.","rel":"","context":"Dans &quot;Choses qui&quot;","block_context":{"text":"Choses qui","link":"http:\/\/poulpe-fiction.ch\/index.php\/category\/en-confinement\/choses-qui\/"},"img":{"alt_text":"","src":"","width":0,"height":0},"classes":[]}],"_links":{"self":[{"href":"http:\/\/poulpe-fiction.ch\/index.php\/wp-json\/wp\/v2\/posts\/114"}],"collection":[{"href":"http:\/\/poulpe-fiction.ch\/index.php\/wp-json\/wp\/v2\/posts"}],"about":[{"href":"http:\/\/poulpe-fiction.ch\/index.php\/wp-json\/wp\/v2\/types\/post"}],"author":[{"embeddable":true,"href":"http:\/\/poulpe-fiction.ch\/index.php\/wp-json\/wp\/v2\/users\/1"}],"replies":[{"embeddable":true,"href":"http:\/\/poulpe-fiction.ch\/index.php\/wp-json\/wp\/v2\/comments?post=114"}],"version-history":[{"count":5,"href":"http:\/\/poulpe-fiction.ch\/index.php\/wp-json\/wp\/v2\/posts\/114\/revisions"}],"predecessor-version":[{"id":150,"href":"http:\/\/poulpe-fiction.ch\/index.php\/wp-json\/wp\/v2\/posts\/114\/revisions\/150"}],"wp:attachment":[{"href":"http:\/\/poulpe-fiction.ch\/index.php\/wp-json\/wp\/v2\/media?parent=114"}],"wp:term":[{"taxonomy":"category","embeddable":true,"href":"http:\/\/poulpe-fiction.ch\/index.php\/wp-json\/wp\/v2\/categories?post=114"},{"taxonomy":"post_tag","embeddable":true,"href":"http:\/\/poulpe-fiction.ch\/index.php\/wp-json\/wp\/v2\/tags?post=114"}],"curies":[{"name":"wp","href":"https:\/\/api.w.org\/{rel}","templated":true}]}}